{"id":11382,"date":"2015-02-09T17:00:44","date_gmt":"2015-02-09T16:00:44","guid":{"rendered":"http:\/\/www.carnico.it\/blog\/?p=11382"},"modified":"2015-02-10T11:37:49","modified_gmt":"2015-02-10T10:37:49","slug":"assemblea-societa-carnico-torneo-juniores-a-rischio","status":"publish","type":"post","link":"https:\/\/2017.carnico.it\/blog\/2015\/02\/09\/assemblea-societa-carnico-torneo-juniores-a-rischio\/","title":{"rendered":"ASSEMBLEA SOCIETA&#8217; CARNICO, TORNEO JUNIORES A RISCHIO"},"content":{"rendered":"<p><img loading=\"lazy\" decoding=\"async\" class=\"alignright size-medium wp-image-11383\" src=\"https:\/\/www.carnico.it\/blog\/wp-content\/uploads\/2015\/02\/IMG_1044-300x210.jpg\" alt=\"IMG_1044\" width=\"300\" height=\"210\" \/>Una forte preoccupazione per il settore giovanile. Questo si \u00e8 respirato ieri ad <strong>Enemonzo<\/strong> in occasione dell&#8217;<strong>assemblea delle Societ\u00e0 del Campionato Carnico,<\/strong> che si \u00e8 chiusa con le premiazioni delle vincitrici delle tre categorie e della coppa disciplina, con l&#8217;Amaro squadra pi\u00f9 corretta in assoluto.\u00a0 In particolare <strong>appare a rischio il torneo Juniores,<\/strong> con Cavazzo e Ovarese, finaliste della passata stagione, che hanno gi\u00e0 preannunciato il forfait per mancanza di numeri (ma al posto del Cavazzo potrebbe esserci la neonata Viola).<br \/>\n<!--more--><strong>Se non ci saranno almeno 8 squadre, la manifestazione non si svolger\u00e0<\/strong>, lasciando cos\u00ec a piedi molti ragazzi. Il delegato Figc di Tolmezzo <strong>Michele Benedetti<\/strong> ha convocato per mercoled\u00ec alle 18.30 un incontro con le societ\u00e0 interessate allo scopo di trovare delle soluzioni.<br \/>\nSituazione non molto diversa per i<strong> Giovanissimi<\/strong>, categoria che propone delle problematiche particolari, con l&#8217;andata in programma in autunno e il ritorno in primavera.<br \/>\nAppare invece quasi certa l&#8217;iscrizione di tutte le 39 squadre partecipanti al campionato 2014, alle quali si aggiungono la <strong>Viola <\/strong>e la<strong> Nuova Osoppo.<\/strong> <strong>Confermata quindi la Terza Categoria a 15 squadre<\/strong>, con annesse problematiche essendo previste ben <strong>30 giornate;<\/strong> per questo motivo il girone pi\u00f9 basso non osserver\u00e0 la ripristinata pausa di Ferragosto. Per quanto riguarda il <strong>meccanismo di promozioni e retrocessioni<\/strong>, l&#8217;obiettivo \u00e8 passare dall&#8217;attuale situazione (13 Prima, 13 Seconda, 15 Terza) ad un 14-14-13, il che significa tre salite dalla Seconda alla Prima, con due squadre che faranno il percorso opposto, mentre dalla Terza approderanno in Seconda quattro formazioni, con due discese.<br \/>\nNel suo intervento il presidente regionale <strong>Gianni Toffolett<\/strong>o ha spaziato su diversi argomenti, dalla situazione finanziaria della Lnd alla responsabilit\u00e0 delle societ\u00e0, passando per i <strong>deferimenti derivanti da considerazioni espresse dai tesserati su siti internet e social network<\/strong>.<br \/>\nPresenti fra gli altri anche il consigliere federale <strong>Renzo Burelli,<\/strong> il presidente regionale degli arbitri<strong> Massimo Della Siega <\/strong>e il presidente dell&#8217;AIAC Carnia<strong> Fausto Barburini<\/strong>.<\/p>\n<p><strong>Bruno TAVOSANIS<\/strong> (<em><strong>dal Gazzettino<\/strong><\/em>)<\/p>\n","protected":false},"excerpt":{"rendered":"<p>Una forte preoccupazione per il settore giovanile. Questo si \u00e8 respirato ieri ad Enemonzo in occasione dell&#8217;assemblea delle Societ\u00e0 del Campionato Carnico, che si \u00e8 chiusa con le premiazioni delle vincitrici delle tre categorie e della coppa disciplina, con l&#8217;Amaro squadra pi\u00f9 corretta in assoluto.\u00a0 In particolare appare a rischio il torneo Juniores, con Cavazzo [&hellip;]<\/p>\n","protected":false},"author":10,"featured_media":0,"comment_status":"open","ping_status":"closed","sticky":false,"template":"","format":"standard","meta":{"footnotes":""},"categories":[3,5],"tags":[],"class_list":["post-11382","post","type-post","status-publish","format-standard","hentry","category-carnico","category-varie"],"yoast_head":"<!-- This site is optimized with the Yoast SEO plugin v27.3 - https:\/\/yoast.com\/product\/yoast-seo-wordpress\/ -->\n<title>ASSEMBLEA SOCIETA&#039; CARNICO, TORNEO JUNIORES A RISCHIO - Campionato Carnico 2017<\/title>\n<meta name=\"robots\" content=\"index, follow, max-snippet:-1, max-image-preview:large, max-video-preview:-1\" \/>\n<link rel=\"canonical\" href=\"https:\/\/2017.carnico.it\/blog\/2015\/02\/09\/assemblea-societa-carnico-torneo-juniores-a-rischio\/\" \/>\n<meta property=\"og:locale\" content=\"it_IT\" \/>\n<meta property=\"og:type\" content=\"article\" \/>\n<meta property=\"og:title\" content=\"ASSEMBLEA SOCIETA&#039; CARNICO, TORNEO JUNIORES A RISCHIO - Campionato Carnico 2017\" \/>\n<meta property=\"og:description\" content=\"Una forte preoccupazione per il settore giovanile. Questo si \u00e8 respirato ieri ad Enemonzo in occasione dell&#8217;assemblea delle Societ\u00e0 del Campionato Carnico, che si \u00e8 chiusa con le premiazioni delle vincitrici delle tre categorie e della coppa disciplina, con l&#8217;Amaro squadra pi\u00f9 corretta in assoluto.\u00a0 In particolare appare a rischio il torneo Juniores, con Cavazzo [&hellip;]\" \/>\n<meta property=\"og:url\" content=\"https:\/\/2017.carnico.it\/blog\/2015\/02\/09\/assemblea-societa-carnico-torneo-juniores-a-rischio\/\" \/>\n<meta property=\"og:site_name\" content=\"Campionato Carnico 2017\" \/>\n<meta property=\"article:publisher\" content=\"https:\/\/www.facebook.com\/campionatocarnico\/\" \/>\n<meta property=\"article:published_time\" content=\"2015-02-09T16:00:44+00:00\" \/>\n<meta property=\"article:modified_time\" content=\"2015-02-10T10:37:49+00:00\" \/>\n<meta property=\"og:image\" content=\"https:\/\/www.carnico.it\/blog\/wp-content\/uploads\/2015\/02\/IMG_1044-300x210.jpg\" \/>\n<meta name=\"author\" content=\"Redazione\" \/>\n<meta name=\"twitter:card\" content=\"summary_large_image\" \/>\n<meta name=\"twitter:label1\" content=\"Scritto da\" \/>\n\t<meta name=\"twitter:data1\" content=\"Redazione\" \/>\n\t<meta name=\"twitter:label2\" content=\"Tempo di lettura stimato\" \/>\n\t<meta name=\"twitter:data2\" content=\"2 minuti\" \/>\n<script type=\"application\/ld+json\" class=\"yoast-schema-graph\">{\"@context\":\"https:\\\/\\\/schema.org\",\"@graph\":[{\"@type\":\"Article\",\"@id\":\"https:\\\/\\\/2017.carnico.it\\\/blog\\\/2015\\\/02\\\/09\\\/assemblea-societa-carnico-torneo-juniores-a-rischio\\\/#article\",\"isPartOf\":{\"@id\":\"https:\\\/\\\/2017.carnico.it\\\/blog\\\/2015\\\/02\\\/09\\\/assemblea-societa-carnico-torneo-juniores-a-rischio\\\/\"},\"author\":{\"name\":\"Redazione\",\"@id\":\"https:\\\/\\\/2017.carnico.it\\\/blog\\\/#\\\/schema\\\/person\\\/a68c764693d96df3238f123ea014e78c\"},\"headline\":\"ASSEMBLEA SOCIETA&#8217; CARNICO, TORNEO JUNIORES A RISCHIO\",\"datePublished\":\"2015-02-09T16:00:44+00:00\",\"dateModified\":\"2015-02-10T10:37:49+00:00\",\"mainEntityOfPage\":{\"@id\":\"https:\\\/\\\/2017.carnico.it\\\/blog\\\/2015\\\/02\\\/09\\\/assemblea-societa-carnico-torneo-juniores-a-rischio\\\/\"},\"wordCount\":323,\"commentCount\":2,\"image\":{\"@id\":\"https:\\\/\\\/2017.carnico.it\\\/blog\\\/2015\\\/02\\\/09\\\/assemblea-societa-carnico-torneo-juniores-a-rischio\\\/#primaryimage\"},\"thumbnailUrl\":\"https:\\\/\\\/www.carnico.it\\\/blog\\\/wp-content\\\/uploads\\\/2015\\\/02\\\/IMG_1044-300x210.jpg\",\"articleSection\":[\"Carnico\",\"Varie\"],\"inLanguage\":\"it-IT\",\"potentialAction\":[{\"@type\":\"CommentAction\",\"name\":\"Comment\",\"target\":[\"https:\\\/\\\/2017.carnico.it\\\/blog\\\/2015\\\/02\\\/09\\\/assemblea-societa-carnico-torneo-juniores-a-rischio\\\/#respond\"]}]},{\"@type\":\"WebPage\",\"@id\":\"https:\\\/\\\/2017.carnico.it\\\/blog\\\/2015\\\/02\\\/09\\\/assemblea-societa-carnico-torneo-juniores-a-rischio\\\/\",\"url\":\"https:\\\/\\\/2017.carnico.it\\\/blog\\\/2015\\\/02\\\/09\\\/assemblea-societa-carnico-torneo-juniores-a-rischio\\\/\",\"name\":\"ASSEMBLEA SOCIETA' CARNICO, TORNEO JUNIORES A RISCHIO - Campionato Carnico 2017\",\"isPartOf\":{\"@id\":\"https:\\\/\\\/2017.carnico.it\\\/blog\\\/#website\"},\"primaryImageOfPage\":{\"@id\":\"https:\\\/\\\/2017.carnico.it\\\/blog\\\/2015\\\/02\\\/09\\\/assemblea-societa-carnico-torneo-juniores-a-rischio\\\/#primaryimage\"},\"image\":{\"@id\":\"https:\\\/\\\/2017.carnico.it\\\/blog\\\/2015\\\/02\\\/09\\\/assemblea-societa-carnico-torneo-juniores-a-rischio\\\/#primaryimage\"},\"thumbnailUrl\":\"https:\\\/\\\/www.carnico.it\\\/blog\\\/wp-content\\\/uploads\\\/2015\\\/02\\\/IMG_1044-300x210.jpg\",\"datePublished\":\"2015-02-09T16:00:44+00:00\",\"dateModified\":\"2015-02-10T10:37:49+00:00\",\"author\":{\"@id\":\"https:\\\/\\\/2017.carnico.it\\\/blog\\\/#\\\/schema\\\/person\\\/a68c764693d96df3238f123ea014e78c\"},\"breadcrumb\":{\"@id\":\"https:\\\/\\\/2017.carnico.it\\\/blog\\\/2015\\\/02\\\/09\\\/assemblea-societa-carnico-torneo-juniores-a-rischio\\\/#breadcrumb\"},\"inLanguage\":\"it-IT\",\"potentialAction\":[{\"@type\":\"ReadAction\",\"target\":[\"https:\\\/\\\/2017.carnico.it\\\/blog\\\/2015\\\/02\\\/09\\\/assemblea-societa-carnico-torneo-juniores-a-rischio\\\/\"]}]},{\"@type\":\"ImageObject\",\"inLanguage\":\"it-IT\",\"@id\":\"https:\\\/\\\/2017.carnico.it\\\/blog\\\/2015\\\/02\\\/09\\\/assemblea-societa-carnico-torneo-juniores-a-rischio\\\/#primaryimage\",\"url\":\"https:\\\/\\\/www.carnico.it\\\/blog\\\/wp-content\\\/uploads\\\/2015\\\/02\\\/IMG_1044-300x210.jpg\",\"contentUrl\":\"https:\\\/\\\/www.carnico.it\\\/blog\\\/wp-content\\\/uploads\\\/2015\\\/02\\\/IMG_1044-300x210.jpg\"},{\"@type\":\"BreadcrumbList\",\"@id\":\"https:\\\/\\\/2017.carnico.it\\\/blog\\\/2015\\\/02\\\/09\\\/assemblea-societa-carnico-torneo-juniores-a-rischio\\\/#breadcrumb\",\"itemListElement\":[{\"@type\":\"ListItem\",\"position\":1,\"name\":\"Home\",\"item\":\"https:\\\/\\\/2017.carnico.it\\\/blog\\\/\"},{\"@type\":\"ListItem\",\"position\":2,\"name\":\"ASSEMBLEA SOCIETA&#8217; CARNICO, TORNEO JUNIORES A RISCHIO\"}]},{\"@type\":\"WebSite\",\"@id\":\"https:\\\/\\\/2017.carnico.it\\\/blog\\\/#website\",\"url\":\"https:\\\/\\\/2017.carnico.it\\\/blog\\\/\",\"name\":\"Campionato Carnico 2017\",\"description\":\"Notizie e aggiornamenti in tempo reale sul campionato Carnico\",\"potentialAction\":[{\"@type\":\"SearchAction\",\"target\":{\"@type\":\"EntryPoint\",\"urlTemplate\":\"https:\\\/\\\/2017.carnico.it\\\/blog\\\/?s={search_term_string}\"},\"query-input\":{\"@type\":\"PropertyValueSpecification\",\"valueRequired\":true,\"valueName\":\"search_term_string\"}}],\"inLanguage\":\"it-IT\"},{\"@type\":\"Person\",\"@id\":\"https:\\\/\\\/2017.carnico.it\\\/blog\\\/#\\\/schema\\\/person\\\/a68c764693d96df3238f123ea014e78c\",\"name\":\"Redazione\",\"image\":{\"@type\":\"ImageObject\",\"inLanguage\":\"it-IT\",\"@id\":\"https:\\\/\\\/secure.gravatar.com\\\/avatar\\\/6c05bd4dddbea475e283f76b4aa2d778ecb35c06fd92df5f6e0cac552163e2ac?s=96&d=mm&r=g\",\"url\":\"https:\\\/\\\/secure.gravatar.com\\\/avatar\\\/6c05bd4dddbea475e283f76b4aa2d778ecb35c06fd92df5f6e0cac552163e2ac?s=96&d=mm&r=g\",\"contentUrl\":\"https:\\\/\\\/secure.gravatar.com\\\/avatar\\\/6c05bd4dddbea475e283f76b4aa2d778ecb35c06fd92df5f6e0cac552163e2ac?s=96&d=mm&r=g\",\"caption\":\"Redazione\"},\"url\":\"https:\\\/\\\/2017.carnico.it\\\/blog\\\/author\\\/clyco-admin\\\/\"}]}<\/script>\n<!-- \/ Yoast SEO plugin. -->","yoast_head_json":{"title":"ASSEMBLEA SOCIETA' CARNICO, TORNEO JUNIORES A RISCHIO - Campionato Carnico 2017","robots":{"index":"index","follow":"follow","max-snippet":"max-snippet:-1","max-image-preview":"max-image-preview:large","max-video-preview":"max-video-preview:-1"},"canonical":"https:\/\/2017.carnico.it\/blog\/2015\/02\/09\/assemblea-societa-carnico-torneo-juniores-a-rischio\/","og_locale":"it_IT","og_type":"article","og_title":"ASSEMBLEA SOCIETA' CARNICO, TORNEO JUNIORES A RISCHIO - Campionato Carnico 2017","og_description":"Una forte preoccupazione per il settore giovanile. Questo si \u00e8 respirato ieri ad Enemonzo in occasione dell&#8217;assemblea delle Societ\u00e0 del Campionato Carnico, che si \u00e8 chiusa con le premiazioni delle vincitrici delle tre categorie e della coppa disciplina, con l&#8217;Amaro squadra pi\u00f9 corretta in assoluto.\u00a0 In particolare appare a rischio il torneo Juniores, con Cavazzo [&hellip;]","og_url":"https:\/\/2017.carnico.it\/blog\/2015\/02\/09\/assemblea-societa-carnico-torneo-juniores-a-rischio\/","og_site_name":"Campionato Carnico 2017","article_publisher":"https:\/\/www.facebook.com\/campionatocarnico\/","article_published_time":"2015-02-09T16:00:44+00:00","article_modified_time":"2015-02-10T10:37:49+00:00","og_image":[{"url":"https:\/\/www.carnico.it\/blog\/wp-content\/uploads\/2015\/02\/IMG_1044-300x210.jpg","type":"","width":"","height":""}],"author":"Redazione","twitter_card":"summary_large_image","twitter_misc":{"Scritto da":"Redazione","Tempo di lettura stimato":"2 minuti"},"schema":{"@context":"https:\/\/schema.org","@graph":[{"@type":"Article","@id":"https:\/\/2017.carnico.it\/blog\/2015\/02\/09\/assemblea-societa-carnico-torneo-juniores-a-rischio\/#article","isPartOf":{"@id":"https:\/\/2017.carnico.it\/blog\/2015\/02\/09\/assemblea-societa-carnico-torneo-juniores-a-rischio\/"},"author":{"name":"Redazione","@id":"https:\/\/2017.carnico.it\/blog\/#\/schema\/person\/a68c764693d96df3238f123ea014e78c"},"headline":"ASSEMBLEA SOCIETA&#8217; CARNICO, TORNEO JUNIORES A RISCHIO","datePublished":"2015-02-09T16:00:44+00:00","dateModified":"2015-02-10T10:37:49+00:00","mainEntityOfPage":{"@id":"https:\/\/2017.carnico.it\/blog\/2015\/02\/09\/assemblea-societa-carnico-torneo-juniores-a-rischio\/"},"wordCount":323,"commentCount":2,"image":{"@id":"https:\/\/2017.carnico.it\/blog\/2015\/02\/09\/assemblea-societa-carnico-torneo-juniores-a-rischio\/#primaryimage"},"thumbnailUrl":"https:\/\/www.carnico.it\/blog\/wp-content\/uploads\/2015\/02\/IMG_1044-300x210.jpg","articleSection":["Carnico","Varie"],"inLanguage":"it-IT","potentialAction":[{"@type":"CommentAction","name":"Comment","target":["https:\/\/2017.carnico.it\/blog\/2015\/02\/09\/assemblea-societa-carnico-torneo-juniores-a-rischio\/#respond"]}]},{"@type":"WebPage","@id":"https:\/\/2017.carnico.it\/blog\/2015\/02\/09\/assemblea-societa-carnico-torneo-juniores-a-rischio\/","url":"https:\/\/2017.carnico.it\/blog\/2015\/02\/09\/assemblea-societa-carnico-torneo-juniores-a-rischio\/","name":"ASSEMBLEA SOCIETA' CARNICO, TORNEO JUNIORES A RISCHIO - Campionato Carnico 2017","isPartOf":{"@id":"https:\/\/2017.carnico.it\/blog\/#website"},"primaryImageOfPage":{"@id":"https:\/\/2017.carnico.it\/blog\/2015\/02\/09\/assemblea-societa-carnico-torneo-juniores-a-rischio\/#primaryimage"},"image":{"@id":"https:\/\/2017.carnico.it\/blog\/2015\/02\/09\/assemblea-societa-carnico-torneo-juniores-a-rischio\/#primaryimage"},"thumbnailUrl":"https:\/\/www.carnico.it\/blog\/wp-content\/uploads\/2015\/02\/IMG_1044-300x210.jpg","datePublished":"2015-02-09T16:00:44+00:00","dateModified":"2015-02-10T10:37:49+00:00","author":{"@id":"https:\/\/2017.carnico.it\/blog\/#\/schema\/person\/a68c764693d96df3238f123ea014e78c"},"breadcrumb":{"@id":"https:\/\/2017.carnico.it\/blog\/2015\/02\/09\/assemblea-societa-carnico-torneo-juniores-a-rischio\/#breadcrumb"},"inLanguage":"it-IT","potentialAction":[{"@type":"ReadAction","target":["https:\/\/2017.carnico.it\/blog\/2015\/02\/09\/assemblea-societa-carnico-torneo-juniores-a-rischio\/"]}]},{"@type":"ImageObject","inLanguage":"it-IT","@id":"https:\/\/2017.carnico.it\/blog\/2015\/02\/09\/assemblea-societa-carnico-torneo-juniores-a-rischio\/#primaryimage","url":"https:\/\/www.carnico.it\/blog\/wp-content\/uploads\/2015\/02\/IMG_1044-300x210.jpg","contentUrl":"https:\/\/www.carnico.it\/blog\/wp-content\/uploads\/2015\/02\/IMG_1044-300x210.jpg"},{"@type":"BreadcrumbList","@id":"https:\/\/2017.carnico.it\/blog\/2015\/02\/09\/assemblea-societa-carnico-torneo-juniores-a-rischio\/#breadcrumb","itemListElement":[{"@type":"ListItem","position":1,"name":"Home","item":"https:\/\/2017.carnico.it\/blog\/"},{"@type":"ListItem","position":2,"name":"ASSEMBLEA SOCIETA&#8217; CARNICO, TORNEO JUNIORES A RISCHIO"}]},{"@type":"WebSite","@id":"https:\/\/2017.carnico.it\/blog\/#website","url":"https:\/\/2017.carnico.it\/blog\/","name":"Campionato Carnico 2017","description":"Notizie e aggiornamenti in tempo reale sul campionato Carnico","potentialAction":[{"@type":"SearchAction","target":{"@type":"EntryPoint","urlTemplate":"https:\/\/2017.carnico.it\/blog\/?s={search_term_string}"},"query-input":{"@type":"PropertyValueSpecification","valueRequired":true,"valueName":"search_term_string"}}],"inLanguage":"it-IT"},{"@type":"Person","@id":"https:\/\/2017.carnico.it\/blog\/#\/schema\/person\/a68c764693d96df3238f123ea014e78c","name":"Redazione","image":{"@type":"ImageObject","inLanguage":"it-IT","@id":"https:\/\/secure.gravatar.com\/avatar\/6c05bd4dddbea475e283f76b4aa2d778ecb35c06fd92df5f6e0cac552163e2ac?s=96&d=mm&r=g","url":"https:\/\/secure.gravatar.com\/avatar\/6c05bd4dddbea475e283f76b4aa2d778ecb35c06fd92df5f6e0cac552163e2ac?s=96&d=mm&r=g","contentUrl":"https:\/\/secure.gravatar.com\/avatar\/6c05bd4dddbea475e283f76b4aa2d778ecb35c06fd92df5f6e0cac552163e2ac?s=96&d=mm&r=g","caption":"Redazione"},"url":"https:\/\/2017.carnico.it\/blog\/author\/clyco-admin\/"}]}},"_links":{"self":[{"href":"https:\/\/2017.carnico.it\/blog\/wp-json\/wp\/v2\/posts\/11382","targetHints":{"allow":["GET"]}}],"collection":[{"href":"https:\/\/2017.carnico.it\/blog\/wp-json\/wp\/v2\/posts"}],"about":[{"href":"https:\/\/2017.carnico.it\/blog\/wp-json\/wp\/v2\/types\/post"}],"author":[{"embeddable":true,"href":"https:\/\/2017.carnico.it\/blog\/wp-json\/wp\/v2\/users\/10"}],"replies":[{"embeddable":true,"href":"https:\/\/2017.carnico.it\/blog\/wp-json\/wp\/v2\/comments?post=11382"}],"version-history":[{"count":5,"href":"https:\/\/2017.carnico.it\/blog\/wp-json\/wp\/v2\/posts\/11382\/revisions"}],"predecessor-version":[{"id":11389,"href":"https:\/\/2017.carnico.it\/blog\/wp-json\/wp\/v2\/posts\/11382\/revisions\/11389"}],"wp:attachment":[{"href":"https:\/\/2017.carnico.it\/blog\/wp-json\/wp\/v2\/media?parent=11382"}],"wp:term":[{"taxonomy":"category","embeddable":true,"href":"https:\/\/2017.carnico.it\/blog\/wp-json\/wp\/v2\/categories?post=11382"},{"taxonomy":"post_tag","embeddable":true,"href":"https:\/\/2017.carnico.it\/blog\/wp-json\/wp\/v2\/tags?post=11382"}],"curies":[{"name":"wp","href":"https:\/\/api.w.org\/{rel}","templated":true}]}}