{"id":11296,"date":"2014-10-21T18:06:03","date_gmt":"2014-10-21T16:06:03","guid":{"rendered":"http:\/\/www.carnico.it\/blog\/?p=11296"},"modified":"2014-10-27T16:08:06","modified_gmt":"2014-10-27T15:08:06","slug":"corso-allenatori-2","status":"publish","type":"post","link":"https:\/\/2017.carnico.it\/blog\/2014\/10\/21\/corso-allenatori-2\/","title":{"rendered":"CORSO ALLENATORI"},"content":{"rendered":"<p style=\"text-align: left;\"><a href=\"https:\/\/www.carnico.it\/blog\/2014\/02\/24\/lattivita-della-i-a-c\/loghetto\/\" rel=\"attachment wp-att-9951\"><img loading=\"lazy\" decoding=\"async\" class=\"alignleft  wp-image-9951\" src=\"https:\/\/www.carnico.it\/blog\/wp-content\/uploads\/2014\/02\/loghetto.jpg\" alt=\"loghetto\" width=\"118\" height=\"119\" \/><\/a>L&#8217; A.I.A.C. informa\u00a0 dell&#8217; uscita del Bando di ammissione per partecipare al corso &#8220;Allenatore Dilettante&#8221;.<br \/>\nRicordiamo che dal prossimo anno chi allena nel Carnico o in Prima, Seconda e Terza categoria dovr\u00e0 aver seguito almeno questo corso per poter andare in panchina.<!--more--> Quindi \u00e8 un&#8217;opportunit\u00e0 importante per la nostra realt\u00e0 visto che parecchie societ\u00e0 non hanno allenatori abilitati. Nell&#8217;allegato ci sono tutti i dettagli del corso. Il link per chi vuole scaricare il file PDF \u00e8 il seguente :<\/p>\n<p><strong>http:\/\/www.figclnd-fvg.org\/it\/delegazioni\/tolmezzo\/comunicato.aspx?id=1556<\/strong><\/p>\n<p>Per ulteriori chiarimenti ed approfondimenti contattare Fausto Barburini, presidente dell&#8217; A.I.A.C. &#8211; sezione Carnia &#8211; al numero 3357273014.<\/p>\n","protected":false},"excerpt":{"rendered":"<p>L&#8217; A.I.A.C. informa\u00a0 dell&#8217; uscita del Bando di ammissione per partecipare al corso &#8220;Allenatore Dilettante&#8221;. Ricordiamo che dal prossimo anno chi allena nel Carnico o in Prima, Seconda e Terza categoria dovr\u00e0 aver seguito almeno questo corso per poter andare in panchina.<\/p>\n","protected":false},"author":10,"featured_media":0,"comment_status":"open","ping_status":"closed","sticky":false,"template":"","format":"standard","meta":{"footnotes":""},"categories":[3,5],"tags":[],"class_list":["post-11296","post","type-post","status-publish","format-standard","hentry","category-carnico","category-varie"],"yoast_head":"<!-- This site is optimized with the Yoast SEO plugin v27.3 - https:\/\/yoast.com\/product\/yoast-seo-wordpress\/ -->\n<title>CORSO ALLENATORI - Campionato Carnico 2017<\/title>\n<meta name=\"robots\" content=\"index, follow, max-snippet:-1, max-image-preview:large, max-video-preview:-1\" \/>\n<link rel=\"canonical\" href=\"https:\/\/2017.carnico.it\/blog\/2014\/10\/21\/corso-allenatori-2\/\" \/>\n<meta property=\"og:locale\" content=\"it_IT\" \/>\n<meta property=\"og:type\" content=\"article\" \/>\n<meta property=\"og:title\" content=\"CORSO ALLENATORI - Campionato Carnico 2017\" \/>\n<meta property=\"og:description\" content=\"L&#8217; A.I.A.C. informa\u00a0 dell&#8217; uscita del Bando di ammissione per partecipare al corso &#8220;Allenatore Dilettante&#8221;. Ricordiamo che dal prossimo anno chi allena nel Carnico o in Prima, Seconda e Terza categoria dovr\u00e0 aver seguito almeno questo corso per poter andare in panchina.\" \/>\n<meta property=\"og:url\" content=\"https:\/\/2017.carnico.it\/blog\/2014\/10\/21\/corso-allenatori-2\/\" \/>\n<meta property=\"og:site_name\" content=\"Campionato Carnico 2017\" \/>\n<meta property=\"article:publisher\" content=\"https:\/\/www.facebook.com\/campionatocarnico\/\" \/>\n<meta property=\"article:published_time\" content=\"2014-10-21T16:06:03+00:00\" \/>\n<meta property=\"article:modified_time\" content=\"2014-10-27T15:08:06+00:00\" \/>\n<meta property=\"og:image\" content=\"https:\/\/www.carnico.it\/blog\/wp-content\/uploads\/2014\/02\/loghetto.jpg\" \/>\n<meta name=\"author\" content=\"Redazione\" \/>\n<meta name=\"twitter:card\" content=\"summary_large_image\" \/>\n<meta name=\"twitter:label1\" content=\"Scritto da\" \/>\n\t<meta name=\"twitter:data1\" content=\"Redazione\" \/>\n\t<meta name=\"twitter:label2\" content=\"Tempo di lettura stimato\" \/>\n\t<meta name=\"twitter:data2\" content=\"1 minuto\" \/>\n<script type=\"application\/ld+json\" class=\"yoast-schema-graph\">{\"@context\":\"https:\\\/\\\/schema.org\",\"@graph\":[{\"@type\":\"Article\",\"@id\":\"https:\\\/\\\/2017.carnico.it\\\/blog\\\/2014\\\/10\\\/21\\\/corso-allenatori-2\\\/#article\",\"isPartOf\":{\"@id\":\"https:\\\/\\\/2017.carnico.it\\\/blog\\\/2014\\\/10\\\/21\\\/corso-allenatori-2\\\/\"},\"author\":{\"name\":\"Redazione\",\"@id\":\"https:\\\/\\\/2017.carnico.it\\\/blog\\\/#\\\/schema\\\/person\\\/a68c764693d96df3238f123ea014e78c\"},\"headline\":\"CORSO ALLENATORI\",\"datePublished\":\"2014-10-21T16:06:03+00:00\",\"dateModified\":\"2014-10-27T15:08:06+00:00\",\"mainEntityOfPage\":{\"@id\":\"https:\\\/\\\/2017.carnico.it\\\/blog\\\/2014\\\/10\\\/21\\\/corso-allenatori-2\\\/\"},\"wordCount\":113,\"commentCount\":14,\"image\":{\"@id\":\"https:\\\/\\\/2017.carnico.it\\\/blog\\\/2014\\\/10\\\/21\\\/corso-allenatori-2\\\/#primaryimage\"},\"thumbnailUrl\":\"https:\\\/\\\/www.carnico.it\\\/blog\\\/wp-content\\\/uploads\\\/2014\\\/02\\\/loghetto.jpg\",\"articleSection\":[\"Carnico\",\"Varie\"],\"inLanguage\":\"it-IT\",\"potentialAction\":[{\"@type\":\"CommentAction\",\"name\":\"Comment\",\"target\":[\"https:\\\/\\\/2017.carnico.it\\\/blog\\\/2014\\\/10\\\/21\\\/corso-allenatori-2\\\/#respond\"]}]},{\"@type\":\"WebPage\",\"@id\":\"https:\\\/\\\/2017.carnico.it\\\/blog\\\/2014\\\/10\\\/21\\\/corso-allenatori-2\\\/\",\"url\":\"https:\\\/\\\/2017.carnico.it\\\/blog\\\/2014\\\/10\\\/21\\\/corso-allenatori-2\\\/\",\"name\":\"CORSO ALLENATORI - Campionato Carnico 2017\",\"isPartOf\":{\"@id\":\"https:\\\/\\\/2017.carnico.it\\\/blog\\\/#website\"},\"primaryImageOfPage\":{\"@id\":\"https:\\\/\\\/2017.carnico.it\\\/blog\\\/2014\\\/10\\\/21\\\/corso-allenatori-2\\\/#primaryimage\"},\"image\":{\"@id\":\"https:\\\/\\\/2017.carnico.it\\\/blog\\\/2014\\\/10\\\/21\\\/corso-allenatori-2\\\/#primaryimage\"},\"thumbnailUrl\":\"https:\\\/\\\/www.carnico.it\\\/blog\\\/wp-content\\\/uploads\\\/2014\\\/02\\\/loghetto.jpg\",\"datePublished\":\"2014-10-21T16:06:03+00:00\",\"dateModified\":\"2014-10-27T15:08:06+00:00\",\"author\":{\"@id\":\"https:\\\/\\\/2017.carnico.it\\\/blog\\\/#\\\/schema\\\/person\\\/a68c764693d96df3238f123ea014e78c\"},\"breadcrumb\":{\"@id\":\"https:\\\/\\\/2017.carnico.it\\\/blog\\\/2014\\\/10\\\/21\\\/corso-allenatori-2\\\/#breadcrumb\"},\"inLanguage\":\"it-IT\",\"potentialAction\":[{\"@type\":\"ReadAction\",\"target\":[\"https:\\\/\\\/2017.carnico.it\\\/blog\\\/2014\\\/10\\\/21\\\/corso-allenatori-2\\\/\"]}]},{\"@type\":\"ImageObject\",\"inLanguage\":\"it-IT\",\"@id\":\"https:\\\/\\\/2017.carnico.it\\\/blog\\\/2014\\\/10\\\/21\\\/corso-allenatori-2\\\/#primaryimage\",\"url\":\"https:\\\/\\\/www.carnico.it\\\/blog\\\/wp-content\\\/uploads\\\/2014\\\/02\\\/loghetto.jpg\",\"contentUrl\":\"https:\\\/\\\/www.carnico.it\\\/blog\\\/wp-content\\\/uploads\\\/2014\\\/02\\\/loghetto.jpg\"},{\"@type\":\"BreadcrumbList\",\"@id\":\"https:\\\/\\\/2017.carnico.it\\\/blog\\\/2014\\\/10\\\/21\\\/corso-allenatori-2\\\/#breadcrumb\",\"itemListElement\":[{\"@type\":\"ListItem\",\"position\":1,\"name\":\"Home\",\"item\":\"https:\\\/\\\/2017.carnico.it\\\/blog\\\/\"},{\"@type\":\"ListItem\",\"position\":2,\"name\":\"CORSO ALLENATORI\"}]},{\"@type\":\"WebSite\",\"@id\":\"https:\\\/\\\/2017.carnico.it\\\/blog\\\/#website\",\"url\":\"https:\\\/\\\/2017.carnico.it\\\/blog\\\/\",\"name\":\"Campionato Carnico 2017\",\"description\":\"Notizie e aggiornamenti in tempo reale sul campionato Carnico\",\"potentialAction\":[{\"@type\":\"SearchAction\",\"target\":{\"@type\":\"EntryPoint\",\"urlTemplate\":\"https:\\\/\\\/2017.carnico.it\\\/blog\\\/?s={search_term_string}\"},\"query-input\":{\"@type\":\"PropertyValueSpecification\",\"valueRequired\":true,\"valueName\":\"search_term_string\"}}],\"inLanguage\":\"it-IT\"},{\"@type\":\"Person\",\"@id\":\"https:\\\/\\\/2017.carnico.it\\\/blog\\\/#\\\/schema\\\/person\\\/a68c764693d96df3238f123ea014e78c\",\"name\":\"Redazione\",\"image\":{\"@type\":\"ImageObject\",\"inLanguage\":\"it-IT\",\"@id\":\"https:\\\/\\\/secure.gravatar.com\\\/avatar\\\/6c05bd4dddbea475e283f76b4aa2d778ecb35c06fd92df5f6e0cac552163e2ac?s=96&d=mm&r=g\",\"url\":\"https:\\\/\\\/secure.gravatar.com\\\/avatar\\\/6c05bd4dddbea475e283f76b4aa2d778ecb35c06fd92df5f6e0cac552163e2ac?s=96&d=mm&r=g\",\"contentUrl\":\"https:\\\/\\\/secure.gravatar.com\\\/avatar\\\/6c05bd4dddbea475e283f76b4aa2d778ecb35c06fd92df5f6e0cac552163e2ac?s=96&d=mm&r=g\",\"caption\":\"Redazione\"},\"url\":\"https:\\\/\\\/2017.carnico.it\\\/blog\\\/author\\\/clyco-admin\\\/\"}]}<\/script>\n<!-- \/ Yoast SEO plugin. -->","yoast_head_json":{"title":"CORSO ALLENATORI - Campionato Carnico 2017","robots":{"index":"index","follow":"follow","max-snippet":"max-snippet:-1","max-image-preview":"max-image-preview:large","max-video-preview":"max-video-preview:-1"},"canonical":"https:\/\/2017.carnico.it\/blog\/2014\/10\/21\/corso-allenatori-2\/","og_locale":"it_IT","og_type":"article","og_title":"CORSO ALLENATORI - Campionato Carnico 2017","og_description":"L&#8217; A.I.A.C. informa\u00a0 dell&#8217; uscita del Bando di ammissione per partecipare al corso &#8220;Allenatore Dilettante&#8221;. Ricordiamo che dal prossimo anno chi allena nel Carnico o in Prima, Seconda e Terza categoria dovr\u00e0 aver seguito almeno questo corso per poter andare in panchina.","og_url":"https:\/\/2017.carnico.it\/blog\/2014\/10\/21\/corso-allenatori-2\/","og_site_name":"Campionato Carnico 2017","article_publisher":"https:\/\/www.facebook.com\/campionatocarnico\/","article_published_time":"2014-10-21T16:06:03+00:00","article_modified_time":"2014-10-27T15:08:06+00:00","og_image":[{"url":"https:\/\/www.carnico.it\/blog\/wp-content\/uploads\/2014\/02\/loghetto.jpg","type":"","width":"","height":""}],"author":"Redazione","twitter_card":"summary_large_image","twitter_misc":{"Scritto da":"Redazione","Tempo di lettura stimato":"1 minuto"},"schema":{"@context":"https:\/\/schema.org","@graph":[{"@type":"Article","@id":"https:\/\/2017.carnico.it\/blog\/2014\/10\/21\/corso-allenatori-2\/#article","isPartOf":{"@id":"https:\/\/2017.carnico.it\/blog\/2014\/10\/21\/corso-allenatori-2\/"},"author":{"name":"Redazione","@id":"https:\/\/2017.carnico.it\/blog\/#\/schema\/person\/a68c764693d96df3238f123ea014e78c"},"headline":"CORSO ALLENATORI","datePublished":"2014-10-21T16:06:03+00:00","dateModified":"2014-10-27T15:08:06+00:00","mainEntityOfPage":{"@id":"https:\/\/2017.carnico.it\/blog\/2014\/10\/21\/corso-allenatori-2\/"},"wordCount":113,"commentCount":14,"image":{"@id":"https:\/\/2017.carnico.it\/blog\/2014\/10\/21\/corso-allenatori-2\/#primaryimage"},"thumbnailUrl":"https:\/\/www.carnico.it\/blog\/wp-content\/uploads\/2014\/02\/loghetto.jpg","articleSection":["Carnico","Varie"],"inLanguage":"it-IT","potentialAction":[{"@type":"CommentAction","name":"Comment","target":["https:\/\/2017.carnico.it\/blog\/2014\/10\/21\/corso-allenatori-2\/#respond"]}]},{"@type":"WebPage","@id":"https:\/\/2017.carnico.it\/blog\/2014\/10\/21\/corso-allenatori-2\/","url":"https:\/\/2017.carnico.it\/blog\/2014\/10\/21\/corso-allenatori-2\/","name":"CORSO ALLENATORI - Campionato Carnico 2017","isPartOf":{"@id":"https:\/\/2017.carnico.it\/blog\/#website"},"primaryImageOfPage":{"@id":"https:\/\/2017.carnico.it\/blog\/2014\/10\/21\/corso-allenatori-2\/#primaryimage"},"image":{"@id":"https:\/\/2017.carnico.it\/blog\/2014\/10\/21\/corso-allenatori-2\/#primaryimage"},"thumbnailUrl":"https:\/\/www.carnico.it\/blog\/wp-content\/uploads\/2014\/02\/loghetto.jpg","datePublished":"2014-10-21T16:06:03+00:00","dateModified":"2014-10-27T15:08:06+00:00","author":{"@id":"https:\/\/2017.carnico.it\/blog\/#\/schema\/person\/a68c764693d96df3238f123ea014e78c"},"breadcrumb":{"@id":"https:\/\/2017.carnico.it\/blog\/2014\/10\/21\/corso-allenatori-2\/#breadcrumb"},"inLanguage":"it-IT","potentialAction":[{"@type":"ReadAction","target":["https:\/\/2017.carnico.it\/blog\/2014\/10\/21\/corso-allenatori-2\/"]}]},{"@type":"ImageObject","inLanguage":"it-IT","@id":"https:\/\/2017.carnico.it\/blog\/2014\/10\/21\/corso-allenatori-2\/#primaryimage","url":"https:\/\/www.carnico.it\/blog\/wp-content\/uploads\/2014\/02\/loghetto.jpg","contentUrl":"https:\/\/www.carnico.it\/blog\/wp-content\/uploads\/2014\/02\/loghetto.jpg"},{"@type":"BreadcrumbList","@id":"https:\/\/2017.carnico.it\/blog\/2014\/10\/21\/corso-allenatori-2\/#breadcrumb","itemListElement":[{"@type":"ListItem","position":1,"name":"Home","item":"https:\/\/2017.carnico.it\/blog\/"},{"@type":"ListItem","position":2,"name":"CORSO ALLENATORI"}]},{"@type":"WebSite","@id":"https:\/\/2017.carnico.it\/blog\/#website","url":"https:\/\/2017.carnico.it\/blog\/","name":"Campionato Carnico 2017","description":"Notizie e aggiornamenti in tempo reale sul campionato Carnico","potentialAction":[{"@type":"SearchAction","target":{"@type":"EntryPoint","urlTemplate":"https:\/\/2017.carnico.it\/blog\/?s={search_term_string}"},"query-input":{"@type":"PropertyValueSpecification","valueRequired":true,"valueName":"search_term_string"}}],"inLanguage":"it-IT"},{"@type":"Person","@id":"https:\/\/2017.carnico.it\/blog\/#\/schema\/person\/a68c764693d96df3238f123ea014e78c","name":"Redazione","image":{"@type":"ImageObject","inLanguage":"it-IT","@id":"https:\/\/secure.gravatar.com\/avatar\/6c05bd4dddbea475e283f76b4aa2d778ecb35c06fd92df5f6e0cac552163e2ac?s=96&d=mm&r=g","url":"https:\/\/secure.gravatar.com\/avatar\/6c05bd4dddbea475e283f76b4aa2d778ecb35c06fd92df5f6e0cac552163e2ac?s=96&d=mm&r=g","contentUrl":"https:\/\/secure.gravatar.com\/avatar\/6c05bd4dddbea475e283f76b4aa2d778ecb35c06fd92df5f6e0cac552163e2ac?s=96&d=mm&r=g","caption":"Redazione"},"url":"https:\/\/2017.carnico.it\/blog\/author\/clyco-admin\/"}]}},"_links":{"self":[{"href":"https:\/\/2017.carnico.it\/blog\/wp-json\/wp\/v2\/posts\/11296","targetHints":{"allow":["GET"]}}],"collection":[{"href":"https:\/\/2017.carnico.it\/blog\/wp-json\/wp\/v2\/posts"}],"about":[{"href":"https:\/\/2017.carnico.it\/blog\/wp-json\/wp\/v2\/types\/post"}],"author":[{"embeddable":true,"href":"https:\/\/2017.carnico.it\/blog\/wp-json\/wp\/v2\/users\/10"}],"replies":[{"embeddable":true,"href":"https:\/\/2017.carnico.it\/blog\/wp-json\/wp\/v2\/comments?post=11296"}],"version-history":[{"count":4,"href":"https:\/\/2017.carnico.it\/blog\/wp-json\/wp\/v2\/posts\/11296\/revisions"}],"predecessor-version":[{"id":11330,"href":"https:\/\/2017.carnico.it\/blog\/wp-json\/wp\/v2\/posts\/11296\/revisions\/11330"}],"wp:attachment":[{"href":"https:\/\/2017.carnico.it\/blog\/wp-json\/wp\/v2\/media?parent=11296"}],"wp:term":[{"taxonomy":"category","embeddable":true,"href":"https:\/\/2017.carnico.it\/blog\/wp-json\/wp\/v2\/categories?post=11296"},{"taxonomy":"post_tag","embeddable":true,"href":"https:\/\/2017.carnico.it\/blog\/wp-json\/wp\/v2\/tags?post=11296"}],"curies":[{"name":"wp","href":"https:\/\/api.w.org\/{rel}","templated":true}]}}