{"id":11287,"date":"2014-10-20T16:30:19","date_gmt":"2014-10-20T14:30:19","guid":{"rendered":"http:\/\/www.carnico.it\/blog\/?p=11287"},"modified":"2014-10-20T16:39:41","modified_gmt":"2014-10-20T14:39:41","slug":"trasaghis-val-del-lago-sara-fusione","status":"publish","type":"post","link":"https:\/\/2017.carnico.it\/blog\/2014\/10\/20\/trasaghis-val-del-lago-sara-fusione\/","title":{"rendered":"TRASAGHIS-VAL DEL LAGO, SARA&#8217; FUSIONE?"},"content":{"rendered":"<div id=\"attachment_11292\" style=\"width: 310px\" class=\"wp-caption alignright\"><img loading=\"lazy\" decoding=\"async\" aria-describedby=\"caption-attachment-11292\" class=\"size-medium wp-image-11292\" src=\"https:\/\/www.carnico.it\/blog\/wp-content\/uploads\/2014\/10\/23-300x198.jpg\" alt=\"Il Trasaghis 2014\" width=\"300\" height=\"198\" srcset=\"https:\/\/2017.carnico.it\/blog\/wp-content\/uploads\/2014\/10\/23-300x198.jpg 300w, https:\/\/2017.carnico.it\/blog\/wp-content\/uploads\/2014\/10\/23-450x298.jpg 450w, https:\/\/2017.carnico.it\/blog\/wp-content\/uploads\/2014\/10\/23-630x417.jpg 630w, https:\/\/2017.carnico.it\/blog\/wp-content\/uploads\/2014\/10\/23.jpg 640w\" sizes=\"auto, (max-width: 300px) 100vw, 300px\" \/><p id=\"caption-attachment-11292\" class=\"wp-caption-text\">Il Trasaghis 2014<\/p><\/div>\n<p>Mentre il Carnico si appresta a dare il benvenuto alla Nuova Osoppo e alla seconda societ\u00e0 di Cavazzo, a <strong>Trasaghis<\/strong> tiene banco l&#8217;argomento fusione fra le due squadre del territorio.<br \/>\nI biancoverdi del capoluogo hanno ufficialmente chiesto alla <strong>Val del Lago<\/strong> di Alesso, informando di un tanto anche il sindaco Augusto Picco, di unire le forze per dare vita ad una societ\u00e0 unica, allo scopo di evitare il rischio di ritrovarsi fra qualche anno senza calcio nel comune.<br \/>\n<!--more-->\u00abEntrambe le societ\u00e0 stanno vivendo un momento difficile, con le spese che aumentano e il numero di dirigenti e collaboratori sempre pi\u00f9 ristretto &#8211; dice il ds\/factotum del Trasaghis, <strong>Roberto Roncastri<\/strong> -. Assieme potremo creare un bel settore giovanile, proporre una prima squadra in grado di rimanere stabilmente in Prima Categoria e continuare a sviluppare il calcio femminile\u00bb.<br \/>\nLa dirigenza della Val del Lago ha per\u00f2 al momento respinto la proposta e venerd\u00ec scorso, durante la serata finale di &#8220;Terzo Tempo&#8221;,\u00a0 il presidente<strong> Luciano Cucchiaro<\/strong> ha preferito trincerarsi dietro il classico no comment.<br \/>\nDomenica 26 ci sar\u00e0 l&#8217;assemblea dei soci della societ\u00e0 di Alesso ed \u00e8 chiaro che sar\u00e0 questo l&#8217;argomento principale, anche perch\u00e8 in paese i favorevoli alla fusione non mancano, a partire dal presidente della locale Pro Loco <strong>Loris Franzil<\/strong>, che sul blog &#8220;Alesso e Dintorni&#8221; ha perorato la causa di una societ\u00e0 unica.<\/p>\n<p><strong>BRUNO TAVOSANIS<\/strong> (<em><strong>dal Gazzettino<\/strong><\/em>)<\/p>\n","protected":false},"excerpt":{"rendered":"<p>Mentre il Carnico si appresta a dare il benvenuto alla Nuova Osoppo e alla seconda societ\u00e0 di Cavazzo, a Trasaghis tiene banco l&#8217;argomento fusione fra le due squadre del territorio. I biancoverdi del capoluogo hanno ufficialmente chiesto alla Val del Lago di Alesso, informando di un tanto anche il sindaco Augusto Picco, di unire le [&hellip;]<\/p>\n","protected":false},"author":10,"featured_media":0,"comment_status":"open","ping_status":"closed","sticky":false,"template":"","format":"standard","meta":{"footnotes":""},"categories":[3,5],"tags":[],"class_list":["post-11287","post","type-post","status-publish","format-standard","hentry","category-carnico","category-varie"],"yoast_head":"<!-- This site is optimized with the Yoast SEO plugin v27.3 - https:\/\/yoast.com\/product\/yoast-seo-wordpress\/ -->\n<title>TRASAGHIS-VAL DEL LAGO, SARA&#039; FUSIONE? - Campionato Carnico 2017<\/title>\n<meta name=\"robots\" content=\"index, follow, max-snippet:-1, max-image-preview:large, max-video-preview:-1\" \/>\n<link rel=\"canonical\" href=\"https:\/\/2017.carnico.it\/blog\/2014\/10\/20\/trasaghis-val-del-lago-sara-fusione\/\" \/>\n<meta property=\"og:locale\" content=\"it_IT\" \/>\n<meta property=\"og:type\" content=\"article\" \/>\n<meta property=\"og:title\" content=\"TRASAGHIS-VAL DEL LAGO, SARA&#039; FUSIONE? - Campionato Carnico 2017\" \/>\n<meta property=\"og:description\" content=\"Mentre il Carnico si appresta a dare il benvenuto alla Nuova Osoppo e alla seconda societ\u00e0 di Cavazzo, a Trasaghis tiene banco l&#8217;argomento fusione fra le due squadre del territorio. I biancoverdi del capoluogo hanno ufficialmente chiesto alla Val del Lago di Alesso, informando di un tanto anche il sindaco Augusto Picco, di unire le [&hellip;]\" \/>\n<meta property=\"og:url\" content=\"https:\/\/2017.carnico.it\/blog\/2014\/10\/20\/trasaghis-val-del-lago-sara-fusione\/\" \/>\n<meta property=\"og:site_name\" content=\"Campionato Carnico 2017\" \/>\n<meta property=\"article:publisher\" content=\"https:\/\/www.facebook.com\/campionatocarnico\/\" \/>\n<meta property=\"article:published_time\" content=\"2014-10-20T14:30:19+00:00\" \/>\n<meta property=\"article:modified_time\" content=\"2014-10-20T14:39:41+00:00\" \/>\n<meta property=\"og:image\" content=\"https:\/\/www.carnico.it\/blog\/wp-content\/uploads\/2014\/10\/23-300x198.jpg\" \/>\n<meta name=\"author\" content=\"Redazione\" \/>\n<meta name=\"twitter:card\" content=\"summary_large_image\" \/>\n<meta name=\"twitter:label1\" content=\"Scritto da\" \/>\n\t<meta name=\"twitter:data1\" content=\"Redazione\" \/>\n\t<meta name=\"twitter:label2\" content=\"Tempo di lettura stimato\" \/>\n\t<meta name=\"twitter:data2\" content=\"1 minuto\" \/>\n<script type=\"application\/ld+json\" class=\"yoast-schema-graph\">{\"@context\":\"https:\\\/\\\/schema.org\",\"@graph\":[{\"@type\":\"Article\",\"@id\":\"https:\\\/\\\/2017.carnico.it\\\/blog\\\/2014\\\/10\\\/20\\\/trasaghis-val-del-lago-sara-fusione\\\/#article\",\"isPartOf\":{\"@id\":\"https:\\\/\\\/2017.carnico.it\\\/blog\\\/2014\\\/10\\\/20\\\/trasaghis-val-del-lago-sara-fusione\\\/\"},\"author\":{\"name\":\"Redazione\",\"@id\":\"https:\\\/\\\/2017.carnico.it\\\/blog\\\/#\\\/schema\\\/person\\\/a68c764693d96df3238f123ea014e78c\"},\"headline\":\"TRASAGHIS-VAL DEL LAGO, SARA&#8217; FUSIONE?\",\"datePublished\":\"2014-10-20T14:30:19+00:00\",\"dateModified\":\"2014-10-20T14:39:41+00:00\",\"mainEntityOfPage\":{\"@id\":\"https:\\\/\\\/2017.carnico.it\\\/blog\\\/2014\\\/10\\\/20\\\/trasaghis-val-del-lago-sara-fusione\\\/\"},\"wordCount\":244,\"commentCount\":1,\"image\":{\"@id\":\"https:\\\/\\\/2017.carnico.it\\\/blog\\\/2014\\\/10\\\/20\\\/trasaghis-val-del-lago-sara-fusione\\\/#primaryimage\"},\"thumbnailUrl\":\"https:\\\/\\\/www.carnico.it\\\/blog\\\/wp-content\\\/uploads\\\/2014\\\/10\\\/23-300x198.jpg\",\"articleSection\":[\"Carnico\",\"Varie\"],\"inLanguage\":\"it-IT\",\"potentialAction\":[{\"@type\":\"CommentAction\",\"name\":\"Comment\",\"target\":[\"https:\\\/\\\/2017.carnico.it\\\/blog\\\/2014\\\/10\\\/20\\\/trasaghis-val-del-lago-sara-fusione\\\/#respond\"]}]},{\"@type\":\"WebPage\",\"@id\":\"https:\\\/\\\/2017.carnico.it\\\/blog\\\/2014\\\/10\\\/20\\\/trasaghis-val-del-lago-sara-fusione\\\/\",\"url\":\"https:\\\/\\\/2017.carnico.it\\\/blog\\\/2014\\\/10\\\/20\\\/trasaghis-val-del-lago-sara-fusione\\\/\",\"name\":\"TRASAGHIS-VAL DEL LAGO, SARA' FUSIONE? - Campionato Carnico 2017\",\"isPartOf\":{\"@id\":\"https:\\\/\\\/2017.carnico.it\\\/blog\\\/#website\"},\"primaryImageOfPage\":{\"@id\":\"https:\\\/\\\/2017.carnico.it\\\/blog\\\/2014\\\/10\\\/20\\\/trasaghis-val-del-lago-sara-fusione\\\/#primaryimage\"},\"image\":{\"@id\":\"https:\\\/\\\/2017.carnico.it\\\/blog\\\/2014\\\/10\\\/20\\\/trasaghis-val-del-lago-sara-fusione\\\/#primaryimage\"},\"thumbnailUrl\":\"https:\\\/\\\/www.carnico.it\\\/blog\\\/wp-content\\\/uploads\\\/2014\\\/10\\\/23-300x198.jpg\",\"datePublished\":\"2014-10-20T14:30:19+00:00\",\"dateModified\":\"2014-10-20T14:39:41+00:00\",\"author\":{\"@id\":\"https:\\\/\\\/2017.carnico.it\\\/blog\\\/#\\\/schema\\\/person\\\/a68c764693d96df3238f123ea014e78c\"},\"breadcrumb\":{\"@id\":\"https:\\\/\\\/2017.carnico.it\\\/blog\\\/2014\\\/10\\\/20\\\/trasaghis-val-del-lago-sara-fusione\\\/#breadcrumb\"},\"inLanguage\":\"it-IT\",\"potentialAction\":[{\"@type\":\"ReadAction\",\"target\":[\"https:\\\/\\\/2017.carnico.it\\\/blog\\\/2014\\\/10\\\/20\\\/trasaghis-val-del-lago-sara-fusione\\\/\"]}]},{\"@type\":\"ImageObject\",\"inLanguage\":\"it-IT\",\"@id\":\"https:\\\/\\\/2017.carnico.it\\\/blog\\\/2014\\\/10\\\/20\\\/trasaghis-val-del-lago-sara-fusione\\\/#primaryimage\",\"url\":\"https:\\\/\\\/www.carnico.it\\\/blog\\\/wp-content\\\/uploads\\\/2014\\\/10\\\/23-300x198.jpg\",\"contentUrl\":\"https:\\\/\\\/www.carnico.it\\\/blog\\\/wp-content\\\/uploads\\\/2014\\\/10\\\/23-300x198.jpg\"},{\"@type\":\"BreadcrumbList\",\"@id\":\"https:\\\/\\\/2017.carnico.it\\\/blog\\\/2014\\\/10\\\/20\\\/trasaghis-val-del-lago-sara-fusione\\\/#breadcrumb\",\"itemListElement\":[{\"@type\":\"ListItem\",\"position\":1,\"name\":\"Home\",\"item\":\"https:\\\/\\\/2017.carnico.it\\\/blog\\\/\"},{\"@type\":\"ListItem\",\"position\":2,\"name\":\"TRASAGHIS-VAL DEL LAGO, SARA&#8217; FUSIONE?\"}]},{\"@type\":\"WebSite\",\"@id\":\"https:\\\/\\\/2017.carnico.it\\\/blog\\\/#website\",\"url\":\"https:\\\/\\\/2017.carnico.it\\\/blog\\\/\",\"name\":\"Campionato Carnico 2017\",\"description\":\"Notizie e aggiornamenti in tempo reale sul campionato Carnico\",\"potentialAction\":[{\"@type\":\"SearchAction\",\"target\":{\"@type\":\"EntryPoint\",\"urlTemplate\":\"https:\\\/\\\/2017.carnico.it\\\/blog\\\/?s={search_term_string}\"},\"query-input\":{\"@type\":\"PropertyValueSpecification\",\"valueRequired\":true,\"valueName\":\"search_term_string\"}}],\"inLanguage\":\"it-IT\"},{\"@type\":\"Person\",\"@id\":\"https:\\\/\\\/2017.carnico.it\\\/blog\\\/#\\\/schema\\\/person\\\/a68c764693d96df3238f123ea014e78c\",\"name\":\"Redazione\",\"image\":{\"@type\":\"ImageObject\",\"inLanguage\":\"it-IT\",\"@id\":\"https:\\\/\\\/secure.gravatar.com\\\/avatar\\\/6c05bd4dddbea475e283f76b4aa2d778ecb35c06fd92df5f6e0cac552163e2ac?s=96&d=mm&r=g\",\"url\":\"https:\\\/\\\/secure.gravatar.com\\\/avatar\\\/6c05bd4dddbea475e283f76b4aa2d778ecb35c06fd92df5f6e0cac552163e2ac?s=96&d=mm&r=g\",\"contentUrl\":\"https:\\\/\\\/secure.gravatar.com\\\/avatar\\\/6c05bd4dddbea475e283f76b4aa2d778ecb35c06fd92df5f6e0cac552163e2ac?s=96&d=mm&r=g\",\"caption\":\"Redazione\"},\"url\":\"https:\\\/\\\/2017.carnico.it\\\/blog\\\/author\\\/clyco-admin\\\/\"}]}<\/script>\n<!-- \/ Yoast SEO plugin. -->","yoast_head_json":{"title":"TRASAGHIS-VAL DEL LAGO, SARA' FUSIONE? - Campionato Carnico 2017","robots":{"index":"index","follow":"follow","max-snippet":"max-snippet:-1","max-image-preview":"max-image-preview:large","max-video-preview":"max-video-preview:-1"},"canonical":"https:\/\/2017.carnico.it\/blog\/2014\/10\/20\/trasaghis-val-del-lago-sara-fusione\/","og_locale":"it_IT","og_type":"article","og_title":"TRASAGHIS-VAL DEL LAGO, SARA' FUSIONE? - Campionato Carnico 2017","og_description":"Mentre il Carnico si appresta a dare il benvenuto alla Nuova Osoppo e alla seconda societ\u00e0 di Cavazzo, a Trasaghis tiene banco l&#8217;argomento fusione fra le due squadre del territorio. I biancoverdi del capoluogo hanno ufficialmente chiesto alla Val del Lago di Alesso, informando di un tanto anche il sindaco Augusto Picco, di unire le [&hellip;]","og_url":"https:\/\/2017.carnico.it\/blog\/2014\/10\/20\/trasaghis-val-del-lago-sara-fusione\/","og_site_name":"Campionato Carnico 2017","article_publisher":"https:\/\/www.facebook.com\/campionatocarnico\/","article_published_time":"2014-10-20T14:30:19+00:00","article_modified_time":"2014-10-20T14:39:41+00:00","og_image":[{"url":"https:\/\/www.carnico.it\/blog\/wp-content\/uploads\/2014\/10\/23-300x198.jpg","type":"","width":"","height":""}],"author":"Redazione","twitter_card":"summary_large_image","twitter_misc":{"Scritto da":"Redazione","Tempo di lettura stimato":"1 minuto"},"schema":{"@context":"https:\/\/schema.org","@graph":[{"@type":"Article","@id":"https:\/\/2017.carnico.it\/blog\/2014\/10\/20\/trasaghis-val-del-lago-sara-fusione\/#article","isPartOf":{"@id":"https:\/\/2017.carnico.it\/blog\/2014\/10\/20\/trasaghis-val-del-lago-sara-fusione\/"},"author":{"name":"Redazione","@id":"https:\/\/2017.carnico.it\/blog\/#\/schema\/person\/a68c764693d96df3238f123ea014e78c"},"headline":"TRASAGHIS-VAL DEL LAGO, SARA&#8217; FUSIONE?","datePublished":"2014-10-20T14:30:19+00:00","dateModified":"2014-10-20T14:39:41+00:00","mainEntityOfPage":{"@id":"https:\/\/2017.carnico.it\/blog\/2014\/10\/20\/trasaghis-val-del-lago-sara-fusione\/"},"wordCount":244,"commentCount":1,"image":{"@id":"https:\/\/2017.carnico.it\/blog\/2014\/10\/20\/trasaghis-val-del-lago-sara-fusione\/#primaryimage"},"thumbnailUrl":"https:\/\/www.carnico.it\/blog\/wp-content\/uploads\/2014\/10\/23-300x198.jpg","articleSection":["Carnico","Varie"],"inLanguage":"it-IT","potentialAction":[{"@type":"CommentAction","name":"Comment","target":["https:\/\/2017.carnico.it\/blog\/2014\/10\/20\/trasaghis-val-del-lago-sara-fusione\/#respond"]}]},{"@type":"WebPage","@id":"https:\/\/2017.carnico.it\/blog\/2014\/10\/20\/trasaghis-val-del-lago-sara-fusione\/","url":"https:\/\/2017.carnico.it\/blog\/2014\/10\/20\/trasaghis-val-del-lago-sara-fusione\/","name":"TRASAGHIS-VAL DEL LAGO, SARA' FUSIONE? - Campionato Carnico 2017","isPartOf":{"@id":"https:\/\/2017.carnico.it\/blog\/#website"},"primaryImageOfPage":{"@id":"https:\/\/2017.carnico.it\/blog\/2014\/10\/20\/trasaghis-val-del-lago-sara-fusione\/#primaryimage"},"image":{"@id":"https:\/\/2017.carnico.it\/blog\/2014\/10\/20\/trasaghis-val-del-lago-sara-fusione\/#primaryimage"},"thumbnailUrl":"https:\/\/www.carnico.it\/blog\/wp-content\/uploads\/2014\/10\/23-300x198.jpg","datePublished":"2014-10-20T14:30:19+00:00","dateModified":"2014-10-20T14:39:41+00:00","author":{"@id":"https:\/\/2017.carnico.it\/blog\/#\/schema\/person\/a68c764693d96df3238f123ea014e78c"},"breadcrumb":{"@id":"https:\/\/2017.carnico.it\/blog\/2014\/10\/20\/trasaghis-val-del-lago-sara-fusione\/#breadcrumb"},"inLanguage":"it-IT","potentialAction":[{"@type":"ReadAction","target":["https:\/\/2017.carnico.it\/blog\/2014\/10\/20\/trasaghis-val-del-lago-sara-fusione\/"]}]},{"@type":"ImageObject","inLanguage":"it-IT","@id":"https:\/\/2017.carnico.it\/blog\/2014\/10\/20\/trasaghis-val-del-lago-sara-fusione\/#primaryimage","url":"https:\/\/www.carnico.it\/blog\/wp-content\/uploads\/2014\/10\/23-300x198.jpg","contentUrl":"https:\/\/www.carnico.it\/blog\/wp-content\/uploads\/2014\/10\/23-300x198.jpg"},{"@type":"BreadcrumbList","@id":"https:\/\/2017.carnico.it\/blog\/2014\/10\/20\/trasaghis-val-del-lago-sara-fusione\/#breadcrumb","itemListElement":[{"@type":"ListItem","position":1,"name":"Home","item":"https:\/\/2017.carnico.it\/blog\/"},{"@type":"ListItem","position":2,"name":"TRASAGHIS-VAL DEL LAGO, SARA&#8217; FUSIONE?"}]},{"@type":"WebSite","@id":"https:\/\/2017.carnico.it\/blog\/#website","url":"https:\/\/2017.carnico.it\/blog\/","name":"Campionato Carnico 2017","description":"Notizie e aggiornamenti in tempo reale sul campionato Carnico","potentialAction":[{"@type":"SearchAction","target":{"@type":"EntryPoint","urlTemplate":"https:\/\/2017.carnico.it\/blog\/?s={search_term_string}"},"query-input":{"@type":"PropertyValueSpecification","valueRequired":true,"valueName":"search_term_string"}}],"inLanguage":"it-IT"},{"@type":"Person","@id":"https:\/\/2017.carnico.it\/blog\/#\/schema\/person\/a68c764693d96df3238f123ea014e78c","name":"Redazione","image":{"@type":"ImageObject","inLanguage":"it-IT","@id":"https:\/\/secure.gravatar.com\/avatar\/6c05bd4dddbea475e283f76b4aa2d778ecb35c06fd92df5f6e0cac552163e2ac?s=96&d=mm&r=g","url":"https:\/\/secure.gravatar.com\/avatar\/6c05bd4dddbea475e283f76b4aa2d778ecb35c06fd92df5f6e0cac552163e2ac?s=96&d=mm&r=g","contentUrl":"https:\/\/secure.gravatar.com\/avatar\/6c05bd4dddbea475e283f76b4aa2d778ecb35c06fd92df5f6e0cac552163e2ac?s=96&d=mm&r=g","caption":"Redazione"},"url":"https:\/\/2017.carnico.it\/blog\/author\/clyco-admin\/"}]}},"_links":{"self":[{"href":"https:\/\/2017.carnico.it\/blog\/wp-json\/wp\/v2\/posts\/11287","targetHints":{"allow":["GET"]}}],"collection":[{"href":"https:\/\/2017.carnico.it\/blog\/wp-json\/wp\/v2\/posts"}],"about":[{"href":"https:\/\/2017.carnico.it\/blog\/wp-json\/wp\/v2\/types\/post"}],"author":[{"embeddable":true,"href":"https:\/\/2017.carnico.it\/blog\/wp-json\/wp\/v2\/users\/10"}],"replies":[{"embeddable":true,"href":"https:\/\/2017.carnico.it\/blog\/wp-json\/wp\/v2\/comments?post=11287"}],"version-history":[{"count":4,"href":"https:\/\/2017.carnico.it\/blog\/wp-json\/wp\/v2\/posts\/11287\/revisions"}],"predecessor-version":[{"id":11294,"href":"https:\/\/2017.carnico.it\/blog\/wp-json\/wp\/v2\/posts\/11287\/revisions\/11294"}],"wp:attachment":[{"href":"https:\/\/2017.carnico.it\/blog\/wp-json\/wp\/v2\/media?parent=11287"}],"wp:term":[{"taxonomy":"category","embeddable":true,"href":"https:\/\/2017.carnico.it\/blog\/wp-json\/wp\/v2\/categories?post=11287"},{"taxonomy":"post_tag","embeddable":true,"href":"https:\/\/2017.carnico.it\/blog\/wp-json\/wp\/v2\/tags?post=11287"}],"curies":[{"name":"wp","href":"https:\/\/api.w.org\/{rel}","templated":true}]}}