{"id":11239,"date":"2014-10-12T09:30:40","date_gmt":"2014-10-12T07:30:40","guid":{"rendered":"http:\/\/www.carnico.it\/blog\/?p=11239"},"modified":"2014-10-14T13:34:24","modified_gmt":"2014-10-14T11:34:24","slug":"la-palla-nel-pozzo-3","status":"publish","type":"post","link":"https:\/\/2017.carnico.it\/blog\/2014\/10\/12\/la-palla-nel-pozzo-3\/","title":{"rendered":"LA PALLA NEL POZZO"},"content":{"rendered":"<p><a href=\"https:\/\/www.carnico.it\/blog\/2014\/10\/10\/la-palla-nel-pozzo-3\/sol\/\" rel=\"attachment wp-att-11240\"><img loading=\"lazy\" decoding=\"async\" class=\"alignleft  wp-image-11240\" src=\"https:\/\/www.carnico.it\/blog\/wp-content\/uploads\/2014\/10\/sol.jpg\" alt=\"sol\" width=\"168\" height=\"167\" \/><\/a>Sabato 18 ottobre, alle ore 14.30, presso il Campo Sportivo di Cavazzo Carnico, si svolger\u00e0 l\u20198.a edizione de\u201dLA PALLA NEL POZZO\u201d il calcio carnico a favore della solidariet\u00e0<\/p>\n<p><strong>PROGRAMMA DELLA MANIFESTAZIONE<\/strong><\/p>\n<p>A.C. CAVAZZO All Stars 1^ Categoria<br \/>\nG.S. CAMPAGNOLA All Stars 2^ Categoria<br \/>\nPOL. TIMAUCLEULIS All Stars 3^ Categoria<!--more--><\/p>\n<p>Tutte le partite avranno la durata di 40\u2019 cadauna. Al termine dei tempi regolamentari se dovesse verificarsi il punteggio di parit\u00e0 si proceder\u00e0 alla battuta di n\u00b0 3 calci di rigore; in caso di persistente parit\u00e0, si andr\u00e0 ad oltranza<\/p>\n<p><strong>CALENDARIO DELLE GARE<\/strong><\/p>\n<p>ORE 14.30 G.S. CAMPAGNOLA \u2013 POL. TIMAUCLEULIS (A)<br \/>\nORE 15.30 A.C. CAVAZZO \u2013 PERDENTE A<br \/>\nORE 16.30 A.C. CAVAZZO \u2013 VINCENTE A<\/p>\n<p><strong>L\u2019IDEA &#8211;<\/strong>\u00a0 L\u2019Associazione \u201cLa voce della speranza\u201d, dopo l\u2019 esperienza positiva degli scorsi anni, e i risultati raggiunti grazie al vostro contributo, ha deciso di rendere questa iniziativa un appuntamento annuale fisso, un momento di incontro e di riepilogo di quanto fatto con i fondi raccolti, oltre che una circostanza gioiosa e allegra e un avvenimento sportivo di qualit\u00e0.<br \/>\nSi \u00e8 pensato cos\u00ec di organizzare un triangolare che vedr\u00e0 scendere in campo i giocatori delle tre categorie che pi\u00f9 hanno meritato in campo durante il campionato in corso. La selezione verr\u00e0 fatta dai rispettivi allenatori incaricati delle rappresentative .<\/p>\n<p><strong>LA SOLIDARIETA\u2019 <\/strong>&#8211; \u201cLa palla nel pozzo\u201d \u00e8 un\u2019iniziativa di solidariet\u00e0 nata con la finalit\u00e0 alla raccolta di fondi da destinare al villaggio di Ayma (Bolivia), un paese situato a 4000 mt. di altitudine, che oggi pu\u00f2 , grazie anche agli sforzi dei giocatori del carnico, avvalersi di un pozzo per il rifornimento idrico. Ora non vogliamo fermarci e grazie ai contatti creati con i medici del centro oncologico dell\u2019ospedale EL NINO di LA PAZ collaboriamo con loro per offrire l\u2019opportunit\u00e0 di guarigione ai bambini colpiti da tumore.<\/p>\n<p><strong>LA PARTITA &#8211;\u00a0<\/strong> Sar\u00e0 il degno coronamento di questo progetto. In quella occasione, il Comitato organizzatore illustrer\u00e0 tutti i dettagli del progetto e vi far\u00e0 partecipi dei risultati gi\u00e0 ottenuti quest\u2019 anno grazie alla vostra disponibilit\u00e0, attraverso fotografie, video e quant\u2019altro.<\/p>\n<p>L\u2019Associazione \u201cLa voce della speranza\u201d si fa garante dell\u2019effettivo e totale utilizzo dei fondi per lo scopo previsto dal progetto, giacch\u00e9 saranno membri del Comitato stesso che cureranno la consegna dei fondi e il loro impiego, senza l\u2019 utilizzo di terzi,documenteranno in maniera esaustiva l\u2019utilizza delle donazioni per le finalit\u00e0 prefissate.<\/p>\n","protected":false},"excerpt":{"rendered":"<p>Sabato 18 ottobre, alle ore 14.30, presso il Campo Sportivo di Cavazzo Carnico, si svolger\u00e0 l\u20198.a edizione de\u201dLA PALLA NEL POZZO\u201d il calcio carnico a favore della solidariet\u00e0 PROGRAMMA DELLA MANIFESTAZIONE A.C. CAVAZZO All Stars 1^ Categoria G.S. CAMPAGNOLA All Stars 2^ Categoria POL. TIMAUCLEULIS All Stars 3^ Categoria<\/p>\n","protected":false},"author":10,"featured_media":0,"comment_status":"open","ping_status":"closed","sticky":false,"template":"","format":"standard","meta":{"footnotes":""},"categories":[3,7,5],"tags":[],"class_list":["post-11239","post","type-post","status-publish","format-standard","hentry","category-carnico","category-in-rilievo","category-varie"],"yoast_head":"<!-- This site is optimized with the Yoast SEO plugin v27.3 - https:\/\/yoast.com\/product\/yoast-seo-wordpress\/ -->\n<title>LA PALLA NEL POZZO - Campionato Carnico 2017<\/title>\n<meta name=\"robots\" content=\"index, follow, max-snippet:-1, max-image-preview:large, max-video-preview:-1\" \/>\n<link rel=\"canonical\" href=\"https:\/\/2017.carnico.it\/blog\/2014\/10\/12\/la-palla-nel-pozzo-3\/\" \/>\n<meta property=\"og:locale\" content=\"it_IT\" \/>\n<meta property=\"og:type\" content=\"article\" \/>\n<meta property=\"og:title\" content=\"LA PALLA NEL POZZO - Campionato Carnico 2017\" \/>\n<meta property=\"og:description\" content=\"Sabato 18 ottobre, alle ore 14.30, presso il Campo Sportivo di Cavazzo Carnico, si svolger\u00e0 l\u20198.a edizione de\u201dLA PALLA NEL POZZO\u201d il calcio carnico a favore della solidariet\u00e0 PROGRAMMA DELLA MANIFESTAZIONE A.C. CAVAZZO All Stars 1^ Categoria G.S. CAMPAGNOLA All Stars 2^ Categoria POL. TIMAUCLEULIS All Stars 3^ Categoria\" \/>\n<meta property=\"og:url\" content=\"https:\/\/2017.carnico.it\/blog\/2014\/10\/12\/la-palla-nel-pozzo-3\/\" \/>\n<meta property=\"og:site_name\" content=\"Campionato Carnico 2017\" \/>\n<meta property=\"article:publisher\" content=\"https:\/\/www.facebook.com\/campionatocarnico\/\" \/>\n<meta property=\"article:published_time\" content=\"2014-10-12T07:30:40+00:00\" \/>\n<meta property=\"article:modified_time\" content=\"2014-10-14T11:34:24+00:00\" \/>\n<meta property=\"og:image\" content=\"https:\/\/www.carnico.it\/blog\/wp-content\/uploads\/2014\/10\/sol.jpg\" \/>\n<meta name=\"author\" content=\"Redazione\" \/>\n<meta name=\"twitter:card\" content=\"summary_large_image\" \/>\n<meta name=\"twitter:label1\" content=\"Scritto da\" \/>\n\t<meta name=\"twitter:data1\" content=\"Redazione\" \/>\n\t<meta name=\"twitter:label2\" content=\"Tempo di lettura stimato\" \/>\n\t<meta name=\"twitter:data2\" content=\"2 minuti\" \/>\n<script type=\"application\/ld+json\" class=\"yoast-schema-graph\">{\"@context\":\"https:\\\/\\\/schema.org\",\"@graph\":[{\"@type\":\"Article\",\"@id\":\"https:\\\/\\\/2017.carnico.it\\\/blog\\\/2014\\\/10\\\/12\\\/la-palla-nel-pozzo-3\\\/#article\",\"isPartOf\":{\"@id\":\"https:\\\/\\\/2017.carnico.it\\\/blog\\\/2014\\\/10\\\/12\\\/la-palla-nel-pozzo-3\\\/\"},\"author\":{\"name\":\"Redazione\",\"@id\":\"https:\\\/\\\/2017.carnico.it\\\/blog\\\/#\\\/schema\\\/person\\\/a68c764693d96df3238f123ea014e78c\"},\"headline\":\"LA PALLA NEL POZZO\",\"datePublished\":\"2014-10-12T07:30:40+00:00\",\"dateModified\":\"2014-10-14T11:34:24+00:00\",\"mainEntityOfPage\":{\"@id\":\"https:\\\/\\\/2017.carnico.it\\\/blog\\\/2014\\\/10\\\/12\\\/la-palla-nel-pozzo-3\\\/\"},\"wordCount\":396,\"commentCount\":0,\"image\":{\"@id\":\"https:\\\/\\\/2017.carnico.it\\\/blog\\\/2014\\\/10\\\/12\\\/la-palla-nel-pozzo-3\\\/#primaryimage\"},\"thumbnailUrl\":\"https:\\\/\\\/www.carnico.it\\\/blog\\\/wp-content\\\/uploads\\\/2014\\\/10\\\/sol.jpg\",\"articleSection\":[\"Carnico\",\"In rilievo\",\"Varie\"],\"inLanguage\":\"it-IT\",\"potentialAction\":[{\"@type\":\"CommentAction\",\"name\":\"Comment\",\"target\":[\"https:\\\/\\\/2017.carnico.it\\\/blog\\\/2014\\\/10\\\/12\\\/la-palla-nel-pozzo-3\\\/#respond\"]}]},{\"@type\":\"WebPage\",\"@id\":\"https:\\\/\\\/2017.carnico.it\\\/blog\\\/2014\\\/10\\\/12\\\/la-palla-nel-pozzo-3\\\/\",\"url\":\"https:\\\/\\\/2017.carnico.it\\\/blog\\\/2014\\\/10\\\/12\\\/la-palla-nel-pozzo-3\\\/\",\"name\":\"LA PALLA NEL POZZO - Campionato Carnico 2017\",\"isPartOf\":{\"@id\":\"https:\\\/\\\/2017.carnico.it\\\/blog\\\/#website\"},\"primaryImageOfPage\":{\"@id\":\"https:\\\/\\\/2017.carnico.it\\\/blog\\\/2014\\\/10\\\/12\\\/la-palla-nel-pozzo-3\\\/#primaryimage\"},\"image\":{\"@id\":\"https:\\\/\\\/2017.carnico.it\\\/blog\\\/2014\\\/10\\\/12\\\/la-palla-nel-pozzo-3\\\/#primaryimage\"},\"thumbnailUrl\":\"https:\\\/\\\/www.carnico.it\\\/blog\\\/wp-content\\\/uploads\\\/2014\\\/10\\\/sol.jpg\",\"datePublished\":\"2014-10-12T07:30:40+00:00\",\"dateModified\":\"2014-10-14T11:34:24+00:00\",\"author\":{\"@id\":\"https:\\\/\\\/2017.carnico.it\\\/blog\\\/#\\\/schema\\\/person\\\/a68c764693d96df3238f123ea014e78c\"},\"breadcrumb\":{\"@id\":\"https:\\\/\\\/2017.carnico.it\\\/blog\\\/2014\\\/10\\\/12\\\/la-palla-nel-pozzo-3\\\/#breadcrumb\"},\"inLanguage\":\"it-IT\",\"potentialAction\":[{\"@type\":\"ReadAction\",\"target\":[\"https:\\\/\\\/2017.carnico.it\\\/blog\\\/2014\\\/10\\\/12\\\/la-palla-nel-pozzo-3\\\/\"]}]},{\"@type\":\"ImageObject\",\"inLanguage\":\"it-IT\",\"@id\":\"https:\\\/\\\/2017.carnico.it\\\/blog\\\/2014\\\/10\\\/12\\\/la-palla-nel-pozzo-3\\\/#primaryimage\",\"url\":\"https:\\\/\\\/www.carnico.it\\\/blog\\\/wp-content\\\/uploads\\\/2014\\\/10\\\/sol.jpg\",\"contentUrl\":\"https:\\\/\\\/www.carnico.it\\\/blog\\\/wp-content\\\/uploads\\\/2014\\\/10\\\/sol.jpg\"},{\"@type\":\"BreadcrumbList\",\"@id\":\"https:\\\/\\\/2017.carnico.it\\\/blog\\\/2014\\\/10\\\/12\\\/la-palla-nel-pozzo-3\\\/#breadcrumb\",\"itemListElement\":[{\"@type\":\"ListItem\",\"position\":1,\"name\":\"Home\",\"item\":\"https:\\\/\\\/2017.carnico.it\\\/blog\\\/\"},{\"@type\":\"ListItem\",\"position\":2,\"name\":\"LA PALLA NEL POZZO\"}]},{\"@type\":\"WebSite\",\"@id\":\"https:\\\/\\\/2017.carnico.it\\\/blog\\\/#website\",\"url\":\"https:\\\/\\\/2017.carnico.it\\\/blog\\\/\",\"name\":\"Campionato Carnico 2017\",\"description\":\"Notizie e aggiornamenti in tempo reale sul campionato Carnico\",\"potentialAction\":[{\"@type\":\"SearchAction\",\"target\":{\"@type\":\"EntryPoint\",\"urlTemplate\":\"https:\\\/\\\/2017.carnico.it\\\/blog\\\/?s={search_term_string}\"},\"query-input\":{\"@type\":\"PropertyValueSpecification\",\"valueRequired\":true,\"valueName\":\"search_term_string\"}}],\"inLanguage\":\"it-IT\"},{\"@type\":\"Person\",\"@id\":\"https:\\\/\\\/2017.carnico.it\\\/blog\\\/#\\\/schema\\\/person\\\/a68c764693d96df3238f123ea014e78c\",\"name\":\"Redazione\",\"image\":{\"@type\":\"ImageObject\",\"inLanguage\":\"it-IT\",\"@id\":\"https:\\\/\\\/secure.gravatar.com\\\/avatar\\\/6c05bd4dddbea475e283f76b4aa2d778ecb35c06fd92df5f6e0cac552163e2ac?s=96&d=mm&r=g\",\"url\":\"https:\\\/\\\/secure.gravatar.com\\\/avatar\\\/6c05bd4dddbea475e283f76b4aa2d778ecb35c06fd92df5f6e0cac552163e2ac?s=96&d=mm&r=g\",\"contentUrl\":\"https:\\\/\\\/secure.gravatar.com\\\/avatar\\\/6c05bd4dddbea475e283f76b4aa2d778ecb35c06fd92df5f6e0cac552163e2ac?s=96&d=mm&r=g\",\"caption\":\"Redazione\"},\"url\":\"https:\\\/\\\/2017.carnico.it\\\/blog\\\/author\\\/clyco-admin\\\/\"}]}<\/script>\n<!-- \/ Yoast SEO plugin. -->","yoast_head_json":{"title":"LA PALLA NEL POZZO - Campionato Carnico 2017","robots":{"index":"index","follow":"follow","max-snippet":"max-snippet:-1","max-image-preview":"max-image-preview:large","max-video-preview":"max-video-preview:-1"},"canonical":"https:\/\/2017.carnico.it\/blog\/2014\/10\/12\/la-palla-nel-pozzo-3\/","og_locale":"it_IT","og_type":"article","og_title":"LA PALLA NEL POZZO - Campionato Carnico 2017","og_description":"Sabato 18 ottobre, alle ore 14.30, presso il Campo Sportivo di Cavazzo Carnico, si svolger\u00e0 l\u20198.a edizione de\u201dLA PALLA NEL POZZO\u201d il calcio carnico a favore della solidariet\u00e0 PROGRAMMA DELLA MANIFESTAZIONE A.C. CAVAZZO All Stars 1^ Categoria G.S. CAMPAGNOLA All Stars 2^ Categoria POL. TIMAUCLEULIS All Stars 3^ Categoria","og_url":"https:\/\/2017.carnico.it\/blog\/2014\/10\/12\/la-palla-nel-pozzo-3\/","og_site_name":"Campionato Carnico 2017","article_publisher":"https:\/\/www.facebook.com\/campionatocarnico\/","article_published_time":"2014-10-12T07:30:40+00:00","article_modified_time":"2014-10-14T11:34:24+00:00","og_image":[{"url":"https:\/\/www.carnico.it\/blog\/wp-content\/uploads\/2014\/10\/sol.jpg","type":"","width":"","height":""}],"author":"Redazione","twitter_card":"summary_large_image","twitter_misc":{"Scritto da":"Redazione","Tempo di lettura stimato":"2 minuti"},"schema":{"@context":"https:\/\/schema.org","@graph":[{"@type":"Article","@id":"https:\/\/2017.carnico.it\/blog\/2014\/10\/12\/la-palla-nel-pozzo-3\/#article","isPartOf":{"@id":"https:\/\/2017.carnico.it\/blog\/2014\/10\/12\/la-palla-nel-pozzo-3\/"},"author":{"name":"Redazione","@id":"https:\/\/2017.carnico.it\/blog\/#\/schema\/person\/a68c764693d96df3238f123ea014e78c"},"headline":"LA PALLA NEL POZZO","datePublished":"2014-10-12T07:30:40+00:00","dateModified":"2014-10-14T11:34:24+00:00","mainEntityOfPage":{"@id":"https:\/\/2017.carnico.it\/blog\/2014\/10\/12\/la-palla-nel-pozzo-3\/"},"wordCount":396,"commentCount":0,"image":{"@id":"https:\/\/2017.carnico.it\/blog\/2014\/10\/12\/la-palla-nel-pozzo-3\/#primaryimage"},"thumbnailUrl":"https:\/\/www.carnico.it\/blog\/wp-content\/uploads\/2014\/10\/sol.jpg","articleSection":["Carnico","In rilievo","Varie"],"inLanguage":"it-IT","potentialAction":[{"@type":"CommentAction","name":"Comment","target":["https:\/\/2017.carnico.it\/blog\/2014\/10\/12\/la-palla-nel-pozzo-3\/#respond"]}]},{"@type":"WebPage","@id":"https:\/\/2017.carnico.it\/blog\/2014\/10\/12\/la-palla-nel-pozzo-3\/","url":"https:\/\/2017.carnico.it\/blog\/2014\/10\/12\/la-palla-nel-pozzo-3\/","name":"LA PALLA NEL POZZO - Campionato Carnico 2017","isPartOf":{"@id":"https:\/\/2017.carnico.it\/blog\/#website"},"primaryImageOfPage":{"@id":"https:\/\/2017.carnico.it\/blog\/2014\/10\/12\/la-palla-nel-pozzo-3\/#primaryimage"},"image":{"@id":"https:\/\/2017.carnico.it\/blog\/2014\/10\/12\/la-palla-nel-pozzo-3\/#primaryimage"},"thumbnailUrl":"https:\/\/www.carnico.it\/blog\/wp-content\/uploads\/2014\/10\/sol.jpg","datePublished":"2014-10-12T07:30:40+00:00","dateModified":"2014-10-14T11:34:24+00:00","author":{"@id":"https:\/\/2017.carnico.it\/blog\/#\/schema\/person\/a68c764693d96df3238f123ea014e78c"},"breadcrumb":{"@id":"https:\/\/2017.carnico.it\/blog\/2014\/10\/12\/la-palla-nel-pozzo-3\/#breadcrumb"},"inLanguage":"it-IT","potentialAction":[{"@type":"ReadAction","target":["https:\/\/2017.carnico.it\/blog\/2014\/10\/12\/la-palla-nel-pozzo-3\/"]}]},{"@type":"ImageObject","inLanguage":"it-IT","@id":"https:\/\/2017.carnico.it\/blog\/2014\/10\/12\/la-palla-nel-pozzo-3\/#primaryimage","url":"https:\/\/www.carnico.it\/blog\/wp-content\/uploads\/2014\/10\/sol.jpg","contentUrl":"https:\/\/www.carnico.it\/blog\/wp-content\/uploads\/2014\/10\/sol.jpg"},{"@type":"BreadcrumbList","@id":"https:\/\/2017.carnico.it\/blog\/2014\/10\/12\/la-palla-nel-pozzo-3\/#breadcrumb","itemListElement":[{"@type":"ListItem","position":1,"name":"Home","item":"https:\/\/2017.carnico.it\/blog\/"},{"@type":"ListItem","position":2,"name":"LA PALLA NEL POZZO"}]},{"@type":"WebSite","@id":"https:\/\/2017.carnico.it\/blog\/#website","url":"https:\/\/2017.carnico.it\/blog\/","name":"Campionato Carnico 2017","description":"Notizie e aggiornamenti in tempo reale sul campionato Carnico","potentialAction":[{"@type":"SearchAction","target":{"@type":"EntryPoint","urlTemplate":"https:\/\/2017.carnico.it\/blog\/?s={search_term_string}"},"query-input":{"@type":"PropertyValueSpecification","valueRequired":true,"valueName":"search_term_string"}}],"inLanguage":"it-IT"},{"@type":"Person","@id":"https:\/\/2017.carnico.it\/blog\/#\/schema\/person\/a68c764693d96df3238f123ea014e78c","name":"Redazione","image":{"@type":"ImageObject","inLanguage":"it-IT","@id":"https:\/\/secure.gravatar.com\/avatar\/6c05bd4dddbea475e283f76b4aa2d778ecb35c06fd92df5f6e0cac552163e2ac?s=96&d=mm&r=g","url":"https:\/\/secure.gravatar.com\/avatar\/6c05bd4dddbea475e283f76b4aa2d778ecb35c06fd92df5f6e0cac552163e2ac?s=96&d=mm&r=g","contentUrl":"https:\/\/secure.gravatar.com\/avatar\/6c05bd4dddbea475e283f76b4aa2d778ecb35c06fd92df5f6e0cac552163e2ac?s=96&d=mm&r=g","caption":"Redazione"},"url":"https:\/\/2017.carnico.it\/blog\/author\/clyco-admin\/"}]}},"_links":{"self":[{"href":"https:\/\/2017.carnico.it\/blog\/wp-json\/wp\/v2\/posts\/11239","targetHints":{"allow":["GET"]}}],"collection":[{"href":"https:\/\/2017.carnico.it\/blog\/wp-json\/wp\/v2\/posts"}],"about":[{"href":"https:\/\/2017.carnico.it\/blog\/wp-json\/wp\/v2\/types\/post"}],"author":[{"embeddable":true,"href":"https:\/\/2017.carnico.it\/blog\/wp-json\/wp\/v2\/users\/10"}],"replies":[{"embeddable":true,"href":"https:\/\/2017.carnico.it\/blog\/wp-json\/wp\/v2\/comments?post=11239"}],"version-history":[{"count":5,"href":"https:\/\/2017.carnico.it\/blog\/wp-json\/wp\/v2\/posts\/11239\/revisions"}],"predecessor-version":[{"id":11270,"href":"https:\/\/2017.carnico.it\/blog\/wp-json\/wp\/v2\/posts\/11239\/revisions\/11270"}],"wp:attachment":[{"href":"https:\/\/2017.carnico.it\/blog\/wp-json\/wp\/v2\/media?parent=11239"}],"wp:term":[{"taxonomy":"category","embeddable":true,"href":"https:\/\/2017.carnico.it\/blog\/wp-json\/wp\/v2\/categories?post=11239"},{"taxonomy":"post_tag","embeddable":true,"href":"https:\/\/2017.carnico.it\/blog\/wp-json\/wp\/v2\/tags?post=11239"}],"curies":[{"name":"wp","href":"https:\/\/api.w.org\/{rel}","templated":true}]}}