{"id":11225,"date":"2014-10-07T16:25:13","date_gmt":"2014-10-07T14:25:13","guid":{"rendered":"http:\/\/www.carnico.it\/blog\/?p=11225"},"modified":"2014-10-07T16:27:27","modified_gmt":"2014-10-07T14:27:27","slug":"mezzo-secolo-dopo-il-carnico-ritrova-osoppo","status":"publish","type":"post","link":"https:\/\/2017.carnico.it\/blog\/2014\/10\/07\/mezzo-secolo-dopo-il-carnico-ritrova-osoppo\/","title":{"rendered":"MEZZO SECOLO DOPO IL CARNICO RITROVA OSOPPO"},"content":{"rendered":"<div id=\"attachment_9443\" style=\"width: 310px\" class=\"wp-caption alignright\"><img loading=\"lazy\" decoding=\"async\" aria-describedby=\"caption-attachment-9443\" class=\"size-medium wp-image-9443\" src=\"https:\/\/www.carnico.it\/blog\/wp-content\/uploads\/2013\/08\/OLINDO-PERETTO-300x225.jpg\" alt=\"Olindo Peretto con la t-shirt della finale di Coppa 2013\" width=\"300\" height=\"225\" srcset=\"https:\/\/2017.carnico.it\/blog\/wp-content\/uploads\/2013\/08\/OLINDO-PERETTO-300x225.jpg 300w, https:\/\/2017.carnico.it\/blog\/wp-content\/uploads\/2013\/08\/OLINDO-PERETTO-450x337.jpg 450w, https:\/\/2017.carnico.it\/blog\/wp-content\/uploads\/2013\/08\/OLINDO-PERETTO-630x472.jpg 630w, https:\/\/2017.carnico.it\/blog\/wp-content\/uploads\/2013\/08\/OLINDO-PERETTO.jpg 1024w\" sizes=\"auto, (max-width: 300px) 100vw, 300px\" \/><p id=\"caption-attachment-9443\" class=\"wp-caption-text\">Olindo Peretto con la t-shirt della finale di Coppa 2013<\/p><\/div>\n<p>A distanza di 55 anni, <strong>Osoppo<\/strong> ritorna in quel Campionato Carnico che lo vide chiudere secondo nel 1957. Manca ancora l&#8217;ufficialit\u00e0, ma non ci sono dubbi sul fatto che nella Terza Categoria 2015 ci sar\u00e0 una nuova squadra, voluta da<strong> Olindo Peretto<\/strong> e sostenuta con forza dal Comune retto dal sindaco <strong>Paolo De Simon<\/strong>. L&#8217;Osoppo non si \u00e8 iscritto al campionato di Terza Categoria regionale 2014\/15 e la societ\u00e0 non esiste pi\u00f9, ma entro fine novembre nascer\u00e0 l&#8217;<strong>Asd Nuova Osoppo<\/strong>, che si propone obiettivi ambiziosi.<br \/>\n<!--more-->\u00abMi \u00e8 stata chiesta la disponibilit\u00e0 ad intraprendere questa avventura ed io ho accettato con entusiasmo &#8211; dice Peretto, reduce dalla travagliata stagione di Bordano, dove ha fatto il ds e anche l&#8217;allenatore -. Ovviamente non ci sar\u00e0 solo la prima squadra, ma l&#8217;obiettivo \u00e8 ricreare il settore giovanile; con quest&#8217;ultimo non so se riusciremo a partire dalla prossima stagione, ma comunque ci proveremo\u00bb.<br \/>\nPeretto, che sar\u00e0 il presidente della nuova societ\u00e0, spiega poi i motivi che l&#8217;hanno indotto a puntare sul Carnico: \u00abRitengo che questo campionato sia ideale per una realt\u00e0 come Osoppo. Ci sono state delle valutazioni con i componenti la giunta comunale ed alla fine la mia idea \u00e8 stata accolta\u00bb.<br \/>\nGli obiettivi sono ambiziosi: \u00abVorrei riuscire a fare una squadra che possa subito competere per la promozione &#8211; conferma Peretto -, perch\u00e8 vogliamo arrivare al pi\u00f9 presto in Prima Categoria. Mi auguro che gli ex dell&#8217;Osoppo decidano di giocare nuovamente nella squadra del loro paese; il gruppo poi sar\u00e0 completato da elementi provenienti dal Carnico. Nomi? Prima di parlarne aspettiamo l&#8217;ufficializzazione della nascita della societ\u00e0\u00bb.<br \/>\nPer il ruolo di allenatore e ds i contatti invece sono gi\u00e0 in fase avanzata; saranno carnici e Peretto assicura che si tratta di nomi molti noti anche a livello regionale.<br \/>\nOvviamente la nascita della Nuova Osoppo comporta per Peretto l<strong>&#8216;addio al Bordano<\/strong>: \u00abDa tre mesi avevo informato il presidente <strong>Marvis Picco<\/strong> &#8211; spiega -. Ho vissuto due stagioni molto diverse: la prima entusiasmante, con il successo in coppa e supercoppa, la seconda molto complicata, visto che ci \u00e8 successo di tutto: gravi infortuni, divergenze con l&#8217;allenatore e i giocatori, oltre a vicende extracalcististiche che hanno creato tensione nello spogliatoio. Ho deciso di guidare la squadra dalla panchina nell&#8217;ultimo periodo, un&#8217;esperienza coinvolgente ma anche faticosa. Ringrazio in ogni caso la squadra, che mi ha sempre seguito &#8211; conclude Peretto -, consentendo al Bordano di concludere dignitosamente il campionato\u00bb.<\/p>\n<p><strong>BRUNO TAVOSANIS (dal Gazzettino del 7-10-14)<\/strong><\/p>\n<p><em>Mercoled\u00ec 8 nei gr &#8220;Block Notes&#8221; di Radio Studio Nord, alle 12 e alle 19, intervista a Olindo Peretto. Anche in diretta streaming su<\/em> <a href=\"http:\/\/www.rsn.it.\">www.rsn.it<\/a>.<\/p>\n","protected":false},"excerpt":{"rendered":"<p>A distanza di 55 anni, Osoppo ritorna in quel Campionato Carnico che lo vide chiudere secondo nel 1957. Manca ancora l&#8217;ufficialit\u00e0, ma non ci sono dubbi sul fatto che nella Terza Categoria 2015 ci sar\u00e0 una nuova squadra, voluta da Olindo Peretto e sostenuta con forza dal Comune retto dal sindaco Paolo De Simon. L&#8217;Osoppo [&hellip;]<\/p>\n","protected":false},"author":10,"featured_media":0,"comment_status":"open","ping_status":"closed","sticky":false,"template":"","format":"standard","meta":{"footnotes":""},"categories":[3],"tags":[],"class_list":["post-11225","post","type-post","status-publish","format-standard","hentry","category-carnico"],"yoast_head":"<!-- This site is optimized with the Yoast SEO plugin v27.3 - https:\/\/yoast.com\/product\/yoast-seo-wordpress\/ -->\n<title>MEZZO SECOLO DOPO IL CARNICO RITROVA OSOPPO - Campionato Carnico 2017<\/title>\n<meta name=\"robots\" content=\"index, follow, max-snippet:-1, max-image-preview:large, max-video-preview:-1\" \/>\n<link rel=\"canonical\" href=\"https:\/\/2017.carnico.it\/blog\/2014\/10\/07\/mezzo-secolo-dopo-il-carnico-ritrova-osoppo\/\" \/>\n<meta property=\"og:locale\" content=\"it_IT\" \/>\n<meta property=\"og:type\" content=\"article\" \/>\n<meta property=\"og:title\" content=\"MEZZO SECOLO DOPO IL CARNICO RITROVA OSOPPO - Campionato Carnico 2017\" \/>\n<meta property=\"og:description\" content=\"A distanza di 55 anni, Osoppo ritorna in quel Campionato Carnico che lo vide chiudere secondo nel 1957. Manca ancora l&#8217;ufficialit\u00e0, ma non ci sono dubbi sul fatto che nella Terza Categoria 2015 ci sar\u00e0 una nuova squadra, voluta da Olindo Peretto e sostenuta con forza dal Comune retto dal sindaco Paolo De Simon. L&#8217;Osoppo [&hellip;]\" \/>\n<meta property=\"og:url\" content=\"https:\/\/2017.carnico.it\/blog\/2014\/10\/07\/mezzo-secolo-dopo-il-carnico-ritrova-osoppo\/\" \/>\n<meta property=\"og:site_name\" content=\"Campionato Carnico 2017\" \/>\n<meta property=\"article:publisher\" content=\"https:\/\/www.facebook.com\/campionatocarnico\/\" \/>\n<meta property=\"article:published_time\" content=\"2014-10-07T14:25:13+00:00\" \/>\n<meta property=\"article:modified_time\" content=\"2014-10-07T14:27:27+00:00\" \/>\n<meta property=\"og:image\" content=\"https:\/\/www.carnico.it\/blog\/wp-content\/uploads\/2013\/08\/OLINDO-PERETTO-300x225.jpg\" \/>\n<meta name=\"author\" content=\"Redazione\" \/>\n<meta name=\"twitter:card\" content=\"summary_large_image\" \/>\n<meta name=\"twitter:label1\" content=\"Scritto da\" \/>\n\t<meta name=\"twitter:data1\" content=\"Redazione\" \/>\n\t<meta name=\"twitter:label2\" content=\"Tempo di lettura stimato\" \/>\n\t<meta name=\"twitter:data2\" content=\"2 minuti\" \/>\n<script type=\"application\/ld+json\" class=\"yoast-schema-graph\">{\"@context\":\"https:\\\/\\\/schema.org\",\"@graph\":[{\"@type\":\"Article\",\"@id\":\"https:\\\/\\\/2017.carnico.it\\\/blog\\\/2014\\\/10\\\/07\\\/mezzo-secolo-dopo-il-carnico-ritrova-osoppo\\\/#article\",\"isPartOf\":{\"@id\":\"https:\\\/\\\/2017.carnico.it\\\/blog\\\/2014\\\/10\\\/07\\\/mezzo-secolo-dopo-il-carnico-ritrova-osoppo\\\/\"},\"author\":{\"name\":\"Redazione\",\"@id\":\"https:\\\/\\\/2017.carnico.it\\\/blog\\\/#\\\/schema\\\/person\\\/a68c764693d96df3238f123ea014e78c\"},\"headline\":\"MEZZO SECOLO DOPO IL CARNICO RITROVA OSOPPO\",\"datePublished\":\"2014-10-07T14:25:13+00:00\",\"dateModified\":\"2014-10-07T14:27:27+00:00\",\"mainEntityOfPage\":{\"@id\":\"https:\\\/\\\/2017.carnico.it\\\/blog\\\/2014\\\/10\\\/07\\\/mezzo-secolo-dopo-il-carnico-ritrova-osoppo\\\/\"},\"wordCount\":460,\"commentCount\":6,\"image\":{\"@id\":\"https:\\\/\\\/2017.carnico.it\\\/blog\\\/2014\\\/10\\\/07\\\/mezzo-secolo-dopo-il-carnico-ritrova-osoppo\\\/#primaryimage\"},\"thumbnailUrl\":\"https:\\\/\\\/www.carnico.it\\\/blog\\\/wp-content\\\/uploads\\\/2013\\\/08\\\/OLINDO-PERETTO-300x225.jpg\",\"articleSection\":[\"Carnico\"],\"inLanguage\":\"it-IT\",\"potentialAction\":[{\"@type\":\"CommentAction\",\"name\":\"Comment\",\"target\":[\"https:\\\/\\\/2017.carnico.it\\\/blog\\\/2014\\\/10\\\/07\\\/mezzo-secolo-dopo-il-carnico-ritrova-osoppo\\\/#respond\"]}]},{\"@type\":\"WebPage\",\"@id\":\"https:\\\/\\\/2017.carnico.it\\\/blog\\\/2014\\\/10\\\/07\\\/mezzo-secolo-dopo-il-carnico-ritrova-osoppo\\\/\",\"url\":\"https:\\\/\\\/2017.carnico.it\\\/blog\\\/2014\\\/10\\\/07\\\/mezzo-secolo-dopo-il-carnico-ritrova-osoppo\\\/\",\"name\":\"MEZZO SECOLO DOPO IL CARNICO RITROVA OSOPPO - Campionato Carnico 2017\",\"isPartOf\":{\"@id\":\"https:\\\/\\\/2017.carnico.it\\\/blog\\\/#website\"},\"primaryImageOfPage\":{\"@id\":\"https:\\\/\\\/2017.carnico.it\\\/blog\\\/2014\\\/10\\\/07\\\/mezzo-secolo-dopo-il-carnico-ritrova-osoppo\\\/#primaryimage\"},\"image\":{\"@id\":\"https:\\\/\\\/2017.carnico.it\\\/blog\\\/2014\\\/10\\\/07\\\/mezzo-secolo-dopo-il-carnico-ritrova-osoppo\\\/#primaryimage\"},\"thumbnailUrl\":\"https:\\\/\\\/www.carnico.it\\\/blog\\\/wp-content\\\/uploads\\\/2013\\\/08\\\/OLINDO-PERETTO-300x225.jpg\",\"datePublished\":\"2014-10-07T14:25:13+00:00\",\"dateModified\":\"2014-10-07T14:27:27+00:00\",\"author\":{\"@id\":\"https:\\\/\\\/2017.carnico.it\\\/blog\\\/#\\\/schema\\\/person\\\/a68c764693d96df3238f123ea014e78c\"},\"breadcrumb\":{\"@id\":\"https:\\\/\\\/2017.carnico.it\\\/blog\\\/2014\\\/10\\\/07\\\/mezzo-secolo-dopo-il-carnico-ritrova-osoppo\\\/#breadcrumb\"},\"inLanguage\":\"it-IT\",\"potentialAction\":[{\"@type\":\"ReadAction\",\"target\":[\"https:\\\/\\\/2017.carnico.it\\\/blog\\\/2014\\\/10\\\/07\\\/mezzo-secolo-dopo-il-carnico-ritrova-osoppo\\\/\"]}]},{\"@type\":\"ImageObject\",\"inLanguage\":\"it-IT\",\"@id\":\"https:\\\/\\\/2017.carnico.it\\\/blog\\\/2014\\\/10\\\/07\\\/mezzo-secolo-dopo-il-carnico-ritrova-osoppo\\\/#primaryimage\",\"url\":\"https:\\\/\\\/www.carnico.it\\\/blog\\\/wp-content\\\/uploads\\\/2013\\\/08\\\/OLINDO-PERETTO-300x225.jpg\",\"contentUrl\":\"https:\\\/\\\/www.carnico.it\\\/blog\\\/wp-content\\\/uploads\\\/2013\\\/08\\\/OLINDO-PERETTO-300x225.jpg\"},{\"@type\":\"BreadcrumbList\",\"@id\":\"https:\\\/\\\/2017.carnico.it\\\/blog\\\/2014\\\/10\\\/07\\\/mezzo-secolo-dopo-il-carnico-ritrova-osoppo\\\/#breadcrumb\",\"itemListElement\":[{\"@type\":\"ListItem\",\"position\":1,\"name\":\"Home\",\"item\":\"https:\\\/\\\/2017.carnico.it\\\/blog\\\/\"},{\"@type\":\"ListItem\",\"position\":2,\"name\":\"MEZZO SECOLO DOPO IL CARNICO RITROVA OSOPPO\"}]},{\"@type\":\"WebSite\",\"@id\":\"https:\\\/\\\/2017.carnico.it\\\/blog\\\/#website\",\"url\":\"https:\\\/\\\/2017.carnico.it\\\/blog\\\/\",\"name\":\"Campionato Carnico 2017\",\"description\":\"Notizie e aggiornamenti in tempo reale sul campionato Carnico\",\"potentialAction\":[{\"@type\":\"SearchAction\",\"target\":{\"@type\":\"EntryPoint\",\"urlTemplate\":\"https:\\\/\\\/2017.carnico.it\\\/blog\\\/?s={search_term_string}\"},\"query-input\":{\"@type\":\"PropertyValueSpecification\",\"valueRequired\":true,\"valueName\":\"search_term_string\"}}],\"inLanguage\":\"it-IT\"},{\"@type\":\"Person\",\"@id\":\"https:\\\/\\\/2017.carnico.it\\\/blog\\\/#\\\/schema\\\/person\\\/a68c764693d96df3238f123ea014e78c\",\"name\":\"Redazione\",\"image\":{\"@type\":\"ImageObject\",\"inLanguage\":\"it-IT\",\"@id\":\"https:\\\/\\\/secure.gravatar.com\\\/avatar\\\/6c05bd4dddbea475e283f76b4aa2d778ecb35c06fd92df5f6e0cac552163e2ac?s=96&d=mm&r=g\",\"url\":\"https:\\\/\\\/secure.gravatar.com\\\/avatar\\\/6c05bd4dddbea475e283f76b4aa2d778ecb35c06fd92df5f6e0cac552163e2ac?s=96&d=mm&r=g\",\"contentUrl\":\"https:\\\/\\\/secure.gravatar.com\\\/avatar\\\/6c05bd4dddbea475e283f76b4aa2d778ecb35c06fd92df5f6e0cac552163e2ac?s=96&d=mm&r=g\",\"caption\":\"Redazione\"},\"url\":\"https:\\\/\\\/2017.carnico.it\\\/blog\\\/author\\\/clyco-admin\\\/\"}]}<\/script>\n<!-- \/ Yoast SEO plugin. -->","yoast_head_json":{"title":"MEZZO SECOLO DOPO IL CARNICO RITROVA OSOPPO - Campionato Carnico 2017","robots":{"index":"index","follow":"follow","max-snippet":"max-snippet:-1","max-image-preview":"max-image-preview:large","max-video-preview":"max-video-preview:-1"},"canonical":"https:\/\/2017.carnico.it\/blog\/2014\/10\/07\/mezzo-secolo-dopo-il-carnico-ritrova-osoppo\/","og_locale":"it_IT","og_type":"article","og_title":"MEZZO SECOLO DOPO IL CARNICO RITROVA OSOPPO - Campionato Carnico 2017","og_description":"A distanza di 55 anni, Osoppo ritorna in quel Campionato Carnico che lo vide chiudere secondo nel 1957. Manca ancora l&#8217;ufficialit\u00e0, ma non ci sono dubbi sul fatto che nella Terza Categoria 2015 ci sar\u00e0 una nuova squadra, voluta da Olindo Peretto e sostenuta con forza dal Comune retto dal sindaco Paolo De Simon. L&#8217;Osoppo [&hellip;]","og_url":"https:\/\/2017.carnico.it\/blog\/2014\/10\/07\/mezzo-secolo-dopo-il-carnico-ritrova-osoppo\/","og_site_name":"Campionato Carnico 2017","article_publisher":"https:\/\/www.facebook.com\/campionatocarnico\/","article_published_time":"2014-10-07T14:25:13+00:00","article_modified_time":"2014-10-07T14:27:27+00:00","og_image":[{"url":"https:\/\/www.carnico.it\/blog\/wp-content\/uploads\/2013\/08\/OLINDO-PERETTO-300x225.jpg","type":"","width":"","height":""}],"author":"Redazione","twitter_card":"summary_large_image","twitter_misc":{"Scritto da":"Redazione","Tempo di lettura stimato":"2 minuti"},"schema":{"@context":"https:\/\/schema.org","@graph":[{"@type":"Article","@id":"https:\/\/2017.carnico.it\/blog\/2014\/10\/07\/mezzo-secolo-dopo-il-carnico-ritrova-osoppo\/#article","isPartOf":{"@id":"https:\/\/2017.carnico.it\/blog\/2014\/10\/07\/mezzo-secolo-dopo-il-carnico-ritrova-osoppo\/"},"author":{"name":"Redazione","@id":"https:\/\/2017.carnico.it\/blog\/#\/schema\/person\/a68c764693d96df3238f123ea014e78c"},"headline":"MEZZO SECOLO DOPO IL CARNICO RITROVA OSOPPO","datePublished":"2014-10-07T14:25:13+00:00","dateModified":"2014-10-07T14:27:27+00:00","mainEntityOfPage":{"@id":"https:\/\/2017.carnico.it\/blog\/2014\/10\/07\/mezzo-secolo-dopo-il-carnico-ritrova-osoppo\/"},"wordCount":460,"commentCount":6,"image":{"@id":"https:\/\/2017.carnico.it\/blog\/2014\/10\/07\/mezzo-secolo-dopo-il-carnico-ritrova-osoppo\/#primaryimage"},"thumbnailUrl":"https:\/\/www.carnico.it\/blog\/wp-content\/uploads\/2013\/08\/OLINDO-PERETTO-300x225.jpg","articleSection":["Carnico"],"inLanguage":"it-IT","potentialAction":[{"@type":"CommentAction","name":"Comment","target":["https:\/\/2017.carnico.it\/blog\/2014\/10\/07\/mezzo-secolo-dopo-il-carnico-ritrova-osoppo\/#respond"]}]},{"@type":"WebPage","@id":"https:\/\/2017.carnico.it\/blog\/2014\/10\/07\/mezzo-secolo-dopo-il-carnico-ritrova-osoppo\/","url":"https:\/\/2017.carnico.it\/blog\/2014\/10\/07\/mezzo-secolo-dopo-il-carnico-ritrova-osoppo\/","name":"MEZZO SECOLO DOPO IL CARNICO RITROVA OSOPPO - Campionato Carnico 2017","isPartOf":{"@id":"https:\/\/2017.carnico.it\/blog\/#website"},"primaryImageOfPage":{"@id":"https:\/\/2017.carnico.it\/blog\/2014\/10\/07\/mezzo-secolo-dopo-il-carnico-ritrova-osoppo\/#primaryimage"},"image":{"@id":"https:\/\/2017.carnico.it\/blog\/2014\/10\/07\/mezzo-secolo-dopo-il-carnico-ritrova-osoppo\/#primaryimage"},"thumbnailUrl":"https:\/\/www.carnico.it\/blog\/wp-content\/uploads\/2013\/08\/OLINDO-PERETTO-300x225.jpg","datePublished":"2014-10-07T14:25:13+00:00","dateModified":"2014-10-07T14:27:27+00:00","author":{"@id":"https:\/\/2017.carnico.it\/blog\/#\/schema\/person\/a68c764693d96df3238f123ea014e78c"},"breadcrumb":{"@id":"https:\/\/2017.carnico.it\/blog\/2014\/10\/07\/mezzo-secolo-dopo-il-carnico-ritrova-osoppo\/#breadcrumb"},"inLanguage":"it-IT","potentialAction":[{"@type":"ReadAction","target":["https:\/\/2017.carnico.it\/blog\/2014\/10\/07\/mezzo-secolo-dopo-il-carnico-ritrova-osoppo\/"]}]},{"@type":"ImageObject","inLanguage":"it-IT","@id":"https:\/\/2017.carnico.it\/blog\/2014\/10\/07\/mezzo-secolo-dopo-il-carnico-ritrova-osoppo\/#primaryimage","url":"https:\/\/www.carnico.it\/blog\/wp-content\/uploads\/2013\/08\/OLINDO-PERETTO-300x225.jpg","contentUrl":"https:\/\/www.carnico.it\/blog\/wp-content\/uploads\/2013\/08\/OLINDO-PERETTO-300x225.jpg"},{"@type":"BreadcrumbList","@id":"https:\/\/2017.carnico.it\/blog\/2014\/10\/07\/mezzo-secolo-dopo-il-carnico-ritrova-osoppo\/#breadcrumb","itemListElement":[{"@type":"ListItem","position":1,"name":"Home","item":"https:\/\/2017.carnico.it\/blog\/"},{"@type":"ListItem","position":2,"name":"MEZZO SECOLO DOPO IL CARNICO RITROVA OSOPPO"}]},{"@type":"WebSite","@id":"https:\/\/2017.carnico.it\/blog\/#website","url":"https:\/\/2017.carnico.it\/blog\/","name":"Campionato Carnico 2017","description":"Notizie e aggiornamenti in tempo reale sul campionato Carnico","potentialAction":[{"@type":"SearchAction","target":{"@type":"EntryPoint","urlTemplate":"https:\/\/2017.carnico.it\/blog\/?s={search_term_string}"},"query-input":{"@type":"PropertyValueSpecification","valueRequired":true,"valueName":"search_term_string"}}],"inLanguage":"it-IT"},{"@type":"Person","@id":"https:\/\/2017.carnico.it\/blog\/#\/schema\/person\/a68c764693d96df3238f123ea014e78c","name":"Redazione","image":{"@type":"ImageObject","inLanguage":"it-IT","@id":"https:\/\/secure.gravatar.com\/avatar\/6c05bd4dddbea475e283f76b4aa2d778ecb35c06fd92df5f6e0cac552163e2ac?s=96&d=mm&r=g","url":"https:\/\/secure.gravatar.com\/avatar\/6c05bd4dddbea475e283f76b4aa2d778ecb35c06fd92df5f6e0cac552163e2ac?s=96&d=mm&r=g","contentUrl":"https:\/\/secure.gravatar.com\/avatar\/6c05bd4dddbea475e283f76b4aa2d778ecb35c06fd92df5f6e0cac552163e2ac?s=96&d=mm&r=g","caption":"Redazione"},"url":"https:\/\/2017.carnico.it\/blog\/author\/clyco-admin\/"}]}},"_links":{"self":[{"href":"https:\/\/2017.carnico.it\/blog\/wp-json\/wp\/v2\/posts\/11225","targetHints":{"allow":["GET"]}}],"collection":[{"href":"https:\/\/2017.carnico.it\/blog\/wp-json\/wp\/v2\/posts"}],"about":[{"href":"https:\/\/2017.carnico.it\/blog\/wp-json\/wp\/v2\/types\/post"}],"author":[{"embeddable":true,"href":"https:\/\/2017.carnico.it\/blog\/wp-json\/wp\/v2\/users\/10"}],"replies":[{"embeddable":true,"href":"https:\/\/2017.carnico.it\/blog\/wp-json\/wp\/v2\/comments?post=11225"}],"version-history":[{"count":5,"href":"https:\/\/2017.carnico.it\/blog\/wp-json\/wp\/v2\/posts\/11225\/revisions"}],"predecessor-version":[{"id":11230,"href":"https:\/\/2017.carnico.it\/blog\/wp-json\/wp\/v2\/posts\/11225\/revisions\/11230"}],"wp:attachment":[{"href":"https:\/\/2017.carnico.it\/blog\/wp-json\/wp\/v2\/media?parent=11225"}],"wp:term":[{"taxonomy":"category","embeddable":true,"href":"https:\/\/2017.carnico.it\/blog\/wp-json\/wp\/v2\/categories?post=11225"},{"taxonomy":"post_tag","embeddable":true,"href":"https:\/\/2017.carnico.it\/blog\/wp-json\/wp\/v2\/tags?post=11225"}],"curies":[{"name":"wp","href":"https:\/\/api.w.org\/{rel}","templated":true}]}}