{"id":11057,"date":"2014-09-13T20:26:35","date_gmt":"2014-09-13T18:26:35","guid":{"rendered":"http:\/\/www.carnico.it\/blog\/?p=11057"},"modified":"2014-09-13T20:27:02","modified_gmt":"2014-09-13T18:27:02","slug":"la-folgore-rinvia-la-festa-del-cedarchis","status":"publish","type":"post","link":"https:\/\/2017.carnico.it\/blog\/2014\/09\/13\/la-folgore-rinvia-la-festa-del-cedarchis\/","title":{"rendered":"LA FOLGORE RINVIA LA FESTA DEL CEDARCHIS"},"content":{"rendered":"<div id=\"attachment_11058\" style=\"width: 130px\" class=\"wp-caption alignleft\"><a href=\"https:\/\/www.carnico.it\/blog\/2014\/09\/13\/la-folgore-rinvia-la-festa-del-cedarchis\/urban\/\" rel=\"attachment wp-att-11058\"><img loading=\"lazy\" decoding=\"async\" aria-describedby=\"caption-attachment-11058\" class=\"size-full wp-image-11058\" src=\"https:\/\/www.carnico.it\/blog\/wp-content\/uploads\/2014\/09\/urban.jpg\" alt=\"Nicola Urban.\" width=\"120\" height=\"160\" \/><\/a><p id=\"caption-attachment-11058\" class=\"wp-caption-text\">Nicola Urban.<\/p><\/div>\n<p>Un gol di Nicola Urban a 3&#8242; dalla fine rinvia la festa del &#8220;Ceda&#8221;. Dopo un primo tempo francamente non brillantissimo degli uomini di Luciano Candoni (bravi comunque a rimontare con Boreanaz la rete di Concina), i giallorossi, nella ripresa, salivano di tono, creando le premesse per il vantaggio che arrivava a poco pi\u00f9 di 10&#8242; dal termine grazie a Moro. Quando la festa sembrava ad un passo la Folgore (davvero ottima la sua prova con 12 giocatori in lista causa squalifiche ed infortuni) agguantava il pari, mandando di traverso il pomeriggio giallorosso. Ora bisogner\u00e0 attendere le sfide di domani: se il Cavazzo non batter\u00e0 i Mobilieri, per il &#8220;Ceda&#8221; sar\u00e0 comunque scudetto: il decimo in 20 anni!<\/p>\n","protected":false},"excerpt":{"rendered":"<p>Un gol di Nicola Urban a 3&#8242; dalla fine rinvia la festa del &#8220;Ceda&#8221;. Dopo un primo tempo francamente non brillantissimo degli uomini di Luciano Candoni (bravi comunque a rimontare con Boreanaz la rete di Concina), i giallorossi, nella ripresa, salivano di tono, creando le premesse per il vantaggio che arrivava a poco pi\u00f9 di [&hellip;]<\/p>\n","protected":false},"author":10,"featured_media":0,"comment_status":"open","ping_status":"closed","sticky":false,"template":"","format":"standard","meta":{"footnotes":""},"categories":[3,5],"tags":[],"class_list":["post-11057","post","type-post","status-publish","format-standard","hentry","category-carnico","category-varie"],"yoast_head":"<!-- This site is optimized with the Yoast SEO plugin v27.3 - https:\/\/yoast.com\/product\/yoast-seo-wordpress\/ -->\n<title>LA FOLGORE RINVIA LA FESTA DEL CEDARCHIS - Campionato Carnico 2017<\/title>\n<meta name=\"robots\" content=\"index, follow, max-snippet:-1, max-image-preview:large, max-video-preview:-1\" \/>\n<link rel=\"canonical\" href=\"https:\/\/2017.carnico.it\/blog\/2014\/09\/13\/la-folgore-rinvia-la-festa-del-cedarchis\/\" \/>\n<meta property=\"og:locale\" content=\"it_IT\" \/>\n<meta property=\"og:type\" content=\"article\" \/>\n<meta property=\"og:title\" content=\"LA FOLGORE RINVIA LA FESTA DEL CEDARCHIS - Campionato Carnico 2017\" \/>\n<meta property=\"og:description\" content=\"Un gol di Nicola Urban a 3&#8242; dalla fine rinvia la festa del &#8220;Ceda&#8221;. Dopo un primo tempo francamente non brillantissimo degli uomini di Luciano Candoni (bravi comunque a rimontare con Boreanaz la rete di Concina), i giallorossi, nella ripresa, salivano di tono, creando le premesse per il vantaggio che arrivava a poco pi\u00f9 di [&hellip;]\" \/>\n<meta property=\"og:url\" content=\"https:\/\/2017.carnico.it\/blog\/2014\/09\/13\/la-folgore-rinvia-la-festa-del-cedarchis\/\" \/>\n<meta property=\"og:site_name\" content=\"Campionato Carnico 2017\" \/>\n<meta property=\"article:publisher\" content=\"https:\/\/www.facebook.com\/campionatocarnico\/\" \/>\n<meta property=\"article:published_time\" content=\"2014-09-13T18:26:35+00:00\" \/>\n<meta property=\"article:modified_time\" content=\"2014-09-13T18:27:02+00:00\" \/>\n<meta property=\"og:image\" content=\"https:\/\/www.carnico.it\/blog\/wp-content\/uploads\/2014\/09\/urban.jpg\" \/>\n<meta name=\"author\" content=\"Redazione\" \/>\n<meta name=\"twitter:card\" content=\"summary_large_image\" \/>\n<meta name=\"twitter:label1\" content=\"Scritto da\" \/>\n\t<meta name=\"twitter:data1\" content=\"Redazione\" \/>\n\t<meta name=\"twitter:label2\" content=\"Tempo di lettura stimato\" \/>\n\t<meta name=\"twitter:data2\" content=\"1 minuto\" \/>\n<script type=\"application\/ld+json\" class=\"yoast-schema-graph\">{\"@context\":\"https:\\\/\\\/schema.org\",\"@graph\":[{\"@type\":\"Article\",\"@id\":\"https:\\\/\\\/2017.carnico.it\\\/blog\\\/2014\\\/09\\\/13\\\/la-folgore-rinvia-la-festa-del-cedarchis\\\/#article\",\"isPartOf\":{\"@id\":\"https:\\\/\\\/2017.carnico.it\\\/blog\\\/2014\\\/09\\\/13\\\/la-folgore-rinvia-la-festa-del-cedarchis\\\/\"},\"author\":{\"name\":\"Redazione\",\"@id\":\"https:\\\/\\\/2017.carnico.it\\\/blog\\\/#\\\/schema\\\/person\\\/a68c764693d96df3238f123ea014e78c\"},\"headline\":\"LA FOLGORE RINVIA LA FESTA DEL CEDARCHIS\",\"datePublished\":\"2014-09-13T18:26:35+00:00\",\"dateModified\":\"2014-09-13T18:27:02+00:00\",\"mainEntityOfPage\":{\"@id\":\"https:\\\/\\\/2017.carnico.it\\\/blog\\\/2014\\\/09\\\/13\\\/la-folgore-rinvia-la-festa-del-cedarchis\\\/\"},\"wordCount\":130,\"commentCount\":0,\"image\":{\"@id\":\"https:\\\/\\\/2017.carnico.it\\\/blog\\\/2014\\\/09\\\/13\\\/la-folgore-rinvia-la-festa-del-cedarchis\\\/#primaryimage\"},\"thumbnailUrl\":\"https:\\\/\\\/www.carnico.it\\\/blog\\\/wp-content\\\/uploads\\\/2014\\\/09\\\/urban.jpg\",\"articleSection\":[\"Carnico\",\"Varie\"],\"inLanguage\":\"it-IT\",\"potentialAction\":[{\"@type\":\"CommentAction\",\"name\":\"Comment\",\"target\":[\"https:\\\/\\\/2017.carnico.it\\\/blog\\\/2014\\\/09\\\/13\\\/la-folgore-rinvia-la-festa-del-cedarchis\\\/#respond\"]}]},{\"@type\":\"WebPage\",\"@id\":\"https:\\\/\\\/2017.carnico.it\\\/blog\\\/2014\\\/09\\\/13\\\/la-folgore-rinvia-la-festa-del-cedarchis\\\/\",\"url\":\"https:\\\/\\\/2017.carnico.it\\\/blog\\\/2014\\\/09\\\/13\\\/la-folgore-rinvia-la-festa-del-cedarchis\\\/\",\"name\":\"LA FOLGORE RINVIA LA FESTA DEL CEDARCHIS - Campionato Carnico 2017\",\"isPartOf\":{\"@id\":\"https:\\\/\\\/2017.carnico.it\\\/blog\\\/#website\"},\"primaryImageOfPage\":{\"@id\":\"https:\\\/\\\/2017.carnico.it\\\/blog\\\/2014\\\/09\\\/13\\\/la-folgore-rinvia-la-festa-del-cedarchis\\\/#primaryimage\"},\"image\":{\"@id\":\"https:\\\/\\\/2017.carnico.it\\\/blog\\\/2014\\\/09\\\/13\\\/la-folgore-rinvia-la-festa-del-cedarchis\\\/#primaryimage\"},\"thumbnailUrl\":\"https:\\\/\\\/www.carnico.it\\\/blog\\\/wp-content\\\/uploads\\\/2014\\\/09\\\/urban.jpg\",\"datePublished\":\"2014-09-13T18:26:35+00:00\",\"dateModified\":\"2014-09-13T18:27:02+00:00\",\"author\":{\"@id\":\"https:\\\/\\\/2017.carnico.it\\\/blog\\\/#\\\/schema\\\/person\\\/a68c764693d96df3238f123ea014e78c\"},\"breadcrumb\":{\"@id\":\"https:\\\/\\\/2017.carnico.it\\\/blog\\\/2014\\\/09\\\/13\\\/la-folgore-rinvia-la-festa-del-cedarchis\\\/#breadcrumb\"},\"inLanguage\":\"it-IT\",\"potentialAction\":[{\"@type\":\"ReadAction\",\"target\":[\"https:\\\/\\\/2017.carnico.it\\\/blog\\\/2014\\\/09\\\/13\\\/la-folgore-rinvia-la-festa-del-cedarchis\\\/\"]}]},{\"@type\":\"ImageObject\",\"inLanguage\":\"it-IT\",\"@id\":\"https:\\\/\\\/2017.carnico.it\\\/blog\\\/2014\\\/09\\\/13\\\/la-folgore-rinvia-la-festa-del-cedarchis\\\/#primaryimage\",\"url\":\"https:\\\/\\\/www.carnico.it\\\/blog\\\/wp-content\\\/uploads\\\/2014\\\/09\\\/urban.jpg\",\"contentUrl\":\"https:\\\/\\\/www.carnico.it\\\/blog\\\/wp-content\\\/uploads\\\/2014\\\/09\\\/urban.jpg\"},{\"@type\":\"BreadcrumbList\",\"@id\":\"https:\\\/\\\/2017.carnico.it\\\/blog\\\/2014\\\/09\\\/13\\\/la-folgore-rinvia-la-festa-del-cedarchis\\\/#breadcrumb\",\"itemListElement\":[{\"@type\":\"ListItem\",\"position\":1,\"name\":\"Home\",\"item\":\"https:\\\/\\\/2017.carnico.it\\\/blog\\\/\"},{\"@type\":\"ListItem\",\"position\":2,\"name\":\"LA FOLGORE RINVIA LA FESTA DEL CEDARCHIS\"}]},{\"@type\":\"WebSite\",\"@id\":\"https:\\\/\\\/2017.carnico.it\\\/blog\\\/#website\",\"url\":\"https:\\\/\\\/2017.carnico.it\\\/blog\\\/\",\"name\":\"Campionato Carnico 2017\",\"description\":\"Notizie e aggiornamenti in tempo reale sul campionato Carnico\",\"potentialAction\":[{\"@type\":\"SearchAction\",\"target\":{\"@type\":\"EntryPoint\",\"urlTemplate\":\"https:\\\/\\\/2017.carnico.it\\\/blog\\\/?s={search_term_string}\"},\"query-input\":{\"@type\":\"PropertyValueSpecification\",\"valueRequired\":true,\"valueName\":\"search_term_string\"}}],\"inLanguage\":\"it-IT\"},{\"@type\":\"Person\",\"@id\":\"https:\\\/\\\/2017.carnico.it\\\/blog\\\/#\\\/schema\\\/person\\\/a68c764693d96df3238f123ea014e78c\",\"name\":\"Redazione\",\"image\":{\"@type\":\"ImageObject\",\"inLanguage\":\"it-IT\",\"@id\":\"https:\\\/\\\/secure.gravatar.com\\\/avatar\\\/6c05bd4dddbea475e283f76b4aa2d778ecb35c06fd92df5f6e0cac552163e2ac?s=96&d=mm&r=g\",\"url\":\"https:\\\/\\\/secure.gravatar.com\\\/avatar\\\/6c05bd4dddbea475e283f76b4aa2d778ecb35c06fd92df5f6e0cac552163e2ac?s=96&d=mm&r=g\",\"contentUrl\":\"https:\\\/\\\/secure.gravatar.com\\\/avatar\\\/6c05bd4dddbea475e283f76b4aa2d778ecb35c06fd92df5f6e0cac552163e2ac?s=96&d=mm&r=g\",\"caption\":\"Redazione\"},\"url\":\"https:\\\/\\\/2017.carnico.it\\\/blog\\\/author\\\/clyco-admin\\\/\"}]}<\/script>\n<!-- \/ Yoast SEO plugin. -->","yoast_head_json":{"title":"LA FOLGORE RINVIA LA FESTA DEL CEDARCHIS - Campionato Carnico 2017","robots":{"index":"index","follow":"follow","max-snippet":"max-snippet:-1","max-image-preview":"max-image-preview:large","max-video-preview":"max-video-preview:-1"},"canonical":"https:\/\/2017.carnico.it\/blog\/2014\/09\/13\/la-folgore-rinvia-la-festa-del-cedarchis\/","og_locale":"it_IT","og_type":"article","og_title":"LA FOLGORE RINVIA LA FESTA DEL CEDARCHIS - Campionato Carnico 2017","og_description":"Un gol di Nicola Urban a 3&#8242; dalla fine rinvia la festa del &#8220;Ceda&#8221;. Dopo un primo tempo francamente non brillantissimo degli uomini di Luciano Candoni (bravi comunque a rimontare con Boreanaz la rete di Concina), i giallorossi, nella ripresa, salivano di tono, creando le premesse per il vantaggio che arrivava a poco pi\u00f9 di [&hellip;]","og_url":"https:\/\/2017.carnico.it\/blog\/2014\/09\/13\/la-folgore-rinvia-la-festa-del-cedarchis\/","og_site_name":"Campionato Carnico 2017","article_publisher":"https:\/\/www.facebook.com\/campionatocarnico\/","article_published_time":"2014-09-13T18:26:35+00:00","article_modified_time":"2014-09-13T18:27:02+00:00","og_image":[{"url":"https:\/\/www.carnico.it\/blog\/wp-content\/uploads\/2014\/09\/urban.jpg","type":"","width":"","height":""}],"author":"Redazione","twitter_card":"summary_large_image","twitter_misc":{"Scritto da":"Redazione","Tempo di lettura stimato":"1 minuto"},"schema":{"@context":"https:\/\/schema.org","@graph":[{"@type":"Article","@id":"https:\/\/2017.carnico.it\/blog\/2014\/09\/13\/la-folgore-rinvia-la-festa-del-cedarchis\/#article","isPartOf":{"@id":"https:\/\/2017.carnico.it\/blog\/2014\/09\/13\/la-folgore-rinvia-la-festa-del-cedarchis\/"},"author":{"name":"Redazione","@id":"https:\/\/2017.carnico.it\/blog\/#\/schema\/person\/a68c764693d96df3238f123ea014e78c"},"headline":"LA FOLGORE RINVIA LA FESTA DEL CEDARCHIS","datePublished":"2014-09-13T18:26:35+00:00","dateModified":"2014-09-13T18:27:02+00:00","mainEntityOfPage":{"@id":"https:\/\/2017.carnico.it\/blog\/2014\/09\/13\/la-folgore-rinvia-la-festa-del-cedarchis\/"},"wordCount":130,"commentCount":0,"image":{"@id":"https:\/\/2017.carnico.it\/blog\/2014\/09\/13\/la-folgore-rinvia-la-festa-del-cedarchis\/#primaryimage"},"thumbnailUrl":"https:\/\/www.carnico.it\/blog\/wp-content\/uploads\/2014\/09\/urban.jpg","articleSection":["Carnico","Varie"],"inLanguage":"it-IT","potentialAction":[{"@type":"CommentAction","name":"Comment","target":["https:\/\/2017.carnico.it\/blog\/2014\/09\/13\/la-folgore-rinvia-la-festa-del-cedarchis\/#respond"]}]},{"@type":"WebPage","@id":"https:\/\/2017.carnico.it\/blog\/2014\/09\/13\/la-folgore-rinvia-la-festa-del-cedarchis\/","url":"https:\/\/2017.carnico.it\/blog\/2014\/09\/13\/la-folgore-rinvia-la-festa-del-cedarchis\/","name":"LA FOLGORE RINVIA LA FESTA DEL CEDARCHIS - Campionato Carnico 2017","isPartOf":{"@id":"https:\/\/2017.carnico.it\/blog\/#website"},"primaryImageOfPage":{"@id":"https:\/\/2017.carnico.it\/blog\/2014\/09\/13\/la-folgore-rinvia-la-festa-del-cedarchis\/#primaryimage"},"image":{"@id":"https:\/\/2017.carnico.it\/blog\/2014\/09\/13\/la-folgore-rinvia-la-festa-del-cedarchis\/#primaryimage"},"thumbnailUrl":"https:\/\/www.carnico.it\/blog\/wp-content\/uploads\/2014\/09\/urban.jpg","datePublished":"2014-09-13T18:26:35+00:00","dateModified":"2014-09-13T18:27:02+00:00","author":{"@id":"https:\/\/2017.carnico.it\/blog\/#\/schema\/person\/a68c764693d96df3238f123ea014e78c"},"breadcrumb":{"@id":"https:\/\/2017.carnico.it\/blog\/2014\/09\/13\/la-folgore-rinvia-la-festa-del-cedarchis\/#breadcrumb"},"inLanguage":"it-IT","potentialAction":[{"@type":"ReadAction","target":["https:\/\/2017.carnico.it\/blog\/2014\/09\/13\/la-folgore-rinvia-la-festa-del-cedarchis\/"]}]},{"@type":"ImageObject","inLanguage":"it-IT","@id":"https:\/\/2017.carnico.it\/blog\/2014\/09\/13\/la-folgore-rinvia-la-festa-del-cedarchis\/#primaryimage","url":"https:\/\/www.carnico.it\/blog\/wp-content\/uploads\/2014\/09\/urban.jpg","contentUrl":"https:\/\/www.carnico.it\/blog\/wp-content\/uploads\/2014\/09\/urban.jpg"},{"@type":"BreadcrumbList","@id":"https:\/\/2017.carnico.it\/blog\/2014\/09\/13\/la-folgore-rinvia-la-festa-del-cedarchis\/#breadcrumb","itemListElement":[{"@type":"ListItem","position":1,"name":"Home","item":"https:\/\/2017.carnico.it\/blog\/"},{"@type":"ListItem","position":2,"name":"LA FOLGORE RINVIA LA FESTA DEL CEDARCHIS"}]},{"@type":"WebSite","@id":"https:\/\/2017.carnico.it\/blog\/#website","url":"https:\/\/2017.carnico.it\/blog\/","name":"Campionato Carnico 2017","description":"Notizie e aggiornamenti in tempo reale sul campionato Carnico","potentialAction":[{"@type":"SearchAction","target":{"@type":"EntryPoint","urlTemplate":"https:\/\/2017.carnico.it\/blog\/?s={search_term_string}"},"query-input":{"@type":"PropertyValueSpecification","valueRequired":true,"valueName":"search_term_string"}}],"inLanguage":"it-IT"},{"@type":"Person","@id":"https:\/\/2017.carnico.it\/blog\/#\/schema\/person\/a68c764693d96df3238f123ea014e78c","name":"Redazione","image":{"@type":"ImageObject","inLanguage":"it-IT","@id":"https:\/\/secure.gravatar.com\/avatar\/6c05bd4dddbea475e283f76b4aa2d778ecb35c06fd92df5f6e0cac552163e2ac?s=96&d=mm&r=g","url":"https:\/\/secure.gravatar.com\/avatar\/6c05bd4dddbea475e283f76b4aa2d778ecb35c06fd92df5f6e0cac552163e2ac?s=96&d=mm&r=g","contentUrl":"https:\/\/secure.gravatar.com\/avatar\/6c05bd4dddbea475e283f76b4aa2d778ecb35c06fd92df5f6e0cac552163e2ac?s=96&d=mm&r=g","caption":"Redazione"},"url":"https:\/\/2017.carnico.it\/blog\/author\/clyco-admin\/"}]}},"_links":{"self":[{"href":"https:\/\/2017.carnico.it\/blog\/wp-json\/wp\/v2\/posts\/11057","targetHints":{"allow":["GET"]}}],"collection":[{"href":"https:\/\/2017.carnico.it\/blog\/wp-json\/wp\/v2\/posts"}],"about":[{"href":"https:\/\/2017.carnico.it\/blog\/wp-json\/wp\/v2\/types\/post"}],"author":[{"embeddable":true,"href":"https:\/\/2017.carnico.it\/blog\/wp-json\/wp\/v2\/users\/10"}],"replies":[{"embeddable":true,"href":"https:\/\/2017.carnico.it\/blog\/wp-json\/wp\/v2\/comments?post=11057"}],"version-history":[{"count":3,"href":"https:\/\/2017.carnico.it\/blog\/wp-json\/wp\/v2\/posts\/11057\/revisions"}],"predecessor-version":[{"id":11061,"href":"https:\/\/2017.carnico.it\/blog\/wp-json\/wp\/v2\/posts\/11057\/revisions\/11061"}],"wp:attachment":[{"href":"https:\/\/2017.carnico.it\/blog\/wp-json\/wp\/v2\/media?parent=11057"}],"wp:term":[{"taxonomy":"category","embeddable":true,"href":"https:\/\/2017.carnico.it\/blog\/wp-json\/wp\/v2\/categories?post=11057"},{"taxonomy":"post_tag","embeddable":true,"href":"https:\/\/2017.carnico.it\/blog\/wp-json\/wp\/v2\/tags?post=11057"}],"curies":[{"name":"wp","href":"https:\/\/api.w.org\/{rel}","templated":true}]}}