{"id":10957,"date":"2014-09-02T00:56:47","date_gmt":"2014-09-01T22:56:47","guid":{"rendered":"http:\/\/www.carnico.it\/blog\/?p=10957"},"modified":"2014-09-01T15:59:28","modified_gmt":"2014-09-01T13:59:28","slug":"chicchi-di-carnico-30","status":"publish","type":"post","link":"https:\/\/2017.carnico.it\/blog\/2014\/09\/02\/chicchi-di-carnico-30\/","title":{"rendered":"CHICCHI DI CARNICO"},"content":{"rendered":"<p><a href=\"https:\/\/www.carnico.it\/blog\/2014\/09\/02\/chicchi-di-carnico-30\/1529988_920697431278013_6215465092996443429_o\/\" rel=\"attachment wp-att-10959\"><img loading=\"lazy\" decoding=\"async\" class=\"alignleft  wp-image-10959\" src=\"https:\/\/www.carnico.it\/blog\/wp-content\/uploads\/2014\/09\/1529988_920697431278013_6215465092996443429_o.jpg\" alt=\"1529988_920697431278013_6215465092996443429_o\" width=\"176\" height=\"126\" \/><\/a>I tifosi dei Mobilieri considerano quello di Maurizio \u201cMeuta\u201d Vidali un arrivederci pi\u00f9 che un addio. In occasione dell\u2019ultima (per quest\u2019anno \u2026) partita coi \u201cbelli gialli\u201d i supporters sutriesi hanno voluto salutare cos\u00ec il loro bomber in procinto di intraprendere l\u2019avventura con il Tolmezzo. Da parte nostra aggiungiamo un caloroso in bocca al lupo. Forza \u201cMeuta\u201d!<!--more--><\/p>\n<p>Singolare incidente quello occorso all\u2019arbitro De Chirico prima dell\u2019incontro Cedarchis \u2013 Ovarese. Il direttore di gara udinese, infatti, entrando nello spogliatoio a lui riservato non si \u00e8 avveduto di una finestra aperta ed ha sbattuto il capo contro l\u2019imposta. Si \u00e8 procurato un taglio talmente profondo che ha dovuto ricorrere alle cure dei sanitari delle due squadre. E cos\u00ec ha dovuto effettuare il riscaldamento pre gara con un bel turbante. Chiss\u00e0 se i vertici dell\u2019 A.I.A., dopo questo episodio penseranno di istituire, oltre ai giudici di porta, anche gli assistenti di \u2026 finestra!<\/p>\n<p>Il mese di agosto \u00e8 famoso per le cosiddette partitelle in famiglia. Gli spettatori che domenica scorsa hanno assistito ad Ancora \u2013 Audax devono aver pensato, ad un certo punto, di essere capitati in una di quelle: uno dei duelli del match ha visto infatti protagonisti i due fratelli Cappellari: il centrale difensivo dell\u2019Audax Matteo contro la punta dell\u2019Ancora Roberto. A decidere il match a favore dell\u2019Ancora (importantissimo per la squadra di Prato in chiave salvezza) sono stati per\u00f2 i gol di Mirco e Federico Cleva, anche loro fratelli.<\/p>\n","protected":false},"excerpt":{"rendered":"<p>I tifosi dei Mobilieri considerano quello di Maurizio \u201cMeuta\u201d Vidali un arrivederci pi\u00f9 che un addio. In occasione dell\u2019ultima (per quest\u2019anno \u2026) partita coi \u201cbelli gialli\u201d i supporters sutriesi hanno voluto salutare cos\u00ec il loro bomber in procinto di intraprendere l\u2019avventura con il Tolmezzo. Da parte nostra aggiungiamo un caloroso in bocca al lupo. Forza [&hellip;]<\/p>\n","protected":false},"author":10,"featured_media":0,"comment_status":"open","ping_status":"closed","sticky":false,"template":"","format":"standard","meta":{"footnotes":""},"categories":[3,5],"tags":[],"class_list":["post-10957","post","type-post","status-publish","format-standard","hentry","category-carnico","category-varie"],"yoast_head":"<!-- This site is optimized with the Yoast SEO plugin v27.3 - https:\/\/yoast.com\/product\/yoast-seo-wordpress\/ -->\n<title>CHICCHI DI CARNICO - Campionato Carnico 2017<\/title>\n<meta name=\"robots\" content=\"index, follow, max-snippet:-1, max-image-preview:large, max-video-preview:-1\" \/>\n<link rel=\"canonical\" href=\"https:\/\/2017.carnico.it\/blog\/2014\/09\/02\/chicchi-di-carnico-30\/\" \/>\n<meta property=\"og:locale\" content=\"it_IT\" \/>\n<meta property=\"og:type\" content=\"article\" \/>\n<meta property=\"og:title\" content=\"CHICCHI DI CARNICO - Campionato Carnico 2017\" \/>\n<meta property=\"og:description\" content=\"I tifosi dei Mobilieri considerano quello di Maurizio \u201cMeuta\u201d Vidali un arrivederci pi\u00f9 che un addio. In occasione dell\u2019ultima (per quest\u2019anno \u2026) partita coi \u201cbelli gialli\u201d i supporters sutriesi hanno voluto salutare cos\u00ec il loro bomber in procinto di intraprendere l\u2019avventura con il Tolmezzo. Da parte nostra aggiungiamo un caloroso in bocca al lupo. Forza [&hellip;]\" \/>\n<meta property=\"og:url\" content=\"https:\/\/2017.carnico.it\/blog\/2014\/09\/02\/chicchi-di-carnico-30\/\" \/>\n<meta property=\"og:site_name\" content=\"Campionato Carnico 2017\" \/>\n<meta property=\"article:publisher\" content=\"https:\/\/www.facebook.com\/campionatocarnico\/\" \/>\n<meta property=\"article:published_time\" content=\"2014-09-01T22:56:47+00:00\" \/>\n<meta property=\"og:image\" content=\"https:\/\/www.carnico.it\/blog\/wp-content\/uploads\/2014\/09\/1529988_920697431278013_6215465092996443429_o.jpg\" \/>\n<meta name=\"author\" content=\"Redazione\" \/>\n<meta name=\"twitter:card\" content=\"summary_large_image\" \/>\n<meta name=\"twitter:label1\" content=\"Scritto da\" \/>\n\t<meta name=\"twitter:data1\" content=\"Redazione\" \/>\n\t<meta name=\"twitter:label2\" content=\"Tempo di lettura stimato\" \/>\n\t<meta name=\"twitter:data2\" content=\"1 minuto\" \/>\n<script type=\"application\/ld+json\" class=\"yoast-schema-graph\">{\"@context\":\"https:\\\/\\\/schema.org\",\"@graph\":[{\"@type\":\"Article\",\"@id\":\"https:\\\/\\\/2017.carnico.it\\\/blog\\\/2014\\\/09\\\/02\\\/chicchi-di-carnico-30\\\/#article\",\"isPartOf\":{\"@id\":\"https:\\\/\\\/2017.carnico.it\\\/blog\\\/2014\\\/09\\\/02\\\/chicchi-di-carnico-30\\\/\"},\"author\":{\"name\":\"Redazione\",\"@id\":\"https:\\\/\\\/2017.carnico.it\\\/blog\\\/#\\\/schema\\\/person\\\/a68c764693d96df3238f123ea014e78c\"},\"headline\":\"CHICCHI DI CARNICO\",\"datePublished\":\"2014-09-01T22:56:47+00:00\",\"mainEntityOfPage\":{\"@id\":\"https:\\\/\\\/2017.carnico.it\\\/blog\\\/2014\\\/09\\\/02\\\/chicchi-di-carnico-30\\\/\"},\"wordCount\":245,\"commentCount\":5,\"image\":{\"@id\":\"https:\\\/\\\/2017.carnico.it\\\/blog\\\/2014\\\/09\\\/02\\\/chicchi-di-carnico-30\\\/#primaryimage\"},\"thumbnailUrl\":\"https:\\\/\\\/www.carnico.it\\\/blog\\\/wp-content\\\/uploads\\\/2014\\\/09\\\/1529988_920697431278013_6215465092996443429_o.jpg\",\"articleSection\":[\"Carnico\",\"Varie\"],\"inLanguage\":\"it-IT\",\"potentialAction\":[{\"@type\":\"CommentAction\",\"name\":\"Comment\",\"target\":[\"https:\\\/\\\/2017.carnico.it\\\/blog\\\/2014\\\/09\\\/02\\\/chicchi-di-carnico-30\\\/#respond\"]}]},{\"@type\":\"WebPage\",\"@id\":\"https:\\\/\\\/2017.carnico.it\\\/blog\\\/2014\\\/09\\\/02\\\/chicchi-di-carnico-30\\\/\",\"url\":\"https:\\\/\\\/2017.carnico.it\\\/blog\\\/2014\\\/09\\\/02\\\/chicchi-di-carnico-30\\\/\",\"name\":\"CHICCHI DI CARNICO - Campionato Carnico 2017\",\"isPartOf\":{\"@id\":\"https:\\\/\\\/2017.carnico.it\\\/blog\\\/#website\"},\"primaryImageOfPage\":{\"@id\":\"https:\\\/\\\/2017.carnico.it\\\/blog\\\/2014\\\/09\\\/02\\\/chicchi-di-carnico-30\\\/#primaryimage\"},\"image\":{\"@id\":\"https:\\\/\\\/2017.carnico.it\\\/blog\\\/2014\\\/09\\\/02\\\/chicchi-di-carnico-30\\\/#primaryimage\"},\"thumbnailUrl\":\"https:\\\/\\\/www.carnico.it\\\/blog\\\/wp-content\\\/uploads\\\/2014\\\/09\\\/1529988_920697431278013_6215465092996443429_o.jpg\",\"datePublished\":\"2014-09-01T22:56:47+00:00\",\"author\":{\"@id\":\"https:\\\/\\\/2017.carnico.it\\\/blog\\\/#\\\/schema\\\/person\\\/a68c764693d96df3238f123ea014e78c\"},\"breadcrumb\":{\"@id\":\"https:\\\/\\\/2017.carnico.it\\\/blog\\\/2014\\\/09\\\/02\\\/chicchi-di-carnico-30\\\/#breadcrumb\"},\"inLanguage\":\"it-IT\",\"potentialAction\":[{\"@type\":\"ReadAction\",\"target\":[\"https:\\\/\\\/2017.carnico.it\\\/blog\\\/2014\\\/09\\\/02\\\/chicchi-di-carnico-30\\\/\"]}]},{\"@type\":\"ImageObject\",\"inLanguage\":\"it-IT\",\"@id\":\"https:\\\/\\\/2017.carnico.it\\\/blog\\\/2014\\\/09\\\/02\\\/chicchi-di-carnico-30\\\/#primaryimage\",\"url\":\"https:\\\/\\\/www.carnico.it\\\/blog\\\/wp-content\\\/uploads\\\/2014\\\/09\\\/1529988_920697431278013_6215465092996443429_o.jpg\",\"contentUrl\":\"https:\\\/\\\/www.carnico.it\\\/blog\\\/wp-content\\\/uploads\\\/2014\\\/09\\\/1529988_920697431278013_6215465092996443429_o.jpg\"},{\"@type\":\"BreadcrumbList\",\"@id\":\"https:\\\/\\\/2017.carnico.it\\\/blog\\\/2014\\\/09\\\/02\\\/chicchi-di-carnico-30\\\/#breadcrumb\",\"itemListElement\":[{\"@type\":\"ListItem\",\"position\":1,\"name\":\"Home\",\"item\":\"https:\\\/\\\/2017.carnico.it\\\/blog\\\/\"},{\"@type\":\"ListItem\",\"position\":2,\"name\":\"CHICCHI DI CARNICO\"}]},{\"@type\":\"WebSite\",\"@id\":\"https:\\\/\\\/2017.carnico.it\\\/blog\\\/#website\",\"url\":\"https:\\\/\\\/2017.carnico.it\\\/blog\\\/\",\"name\":\"Campionato Carnico 2017\",\"description\":\"Notizie e aggiornamenti in tempo reale sul campionato Carnico\",\"potentialAction\":[{\"@type\":\"SearchAction\",\"target\":{\"@type\":\"EntryPoint\",\"urlTemplate\":\"https:\\\/\\\/2017.carnico.it\\\/blog\\\/?s={search_term_string}\"},\"query-input\":{\"@type\":\"PropertyValueSpecification\",\"valueRequired\":true,\"valueName\":\"search_term_string\"}}],\"inLanguage\":\"it-IT\"},{\"@type\":\"Person\",\"@id\":\"https:\\\/\\\/2017.carnico.it\\\/blog\\\/#\\\/schema\\\/person\\\/a68c764693d96df3238f123ea014e78c\",\"name\":\"Redazione\",\"image\":{\"@type\":\"ImageObject\",\"inLanguage\":\"it-IT\",\"@id\":\"https:\\\/\\\/secure.gravatar.com\\\/avatar\\\/6c05bd4dddbea475e283f76b4aa2d778ecb35c06fd92df5f6e0cac552163e2ac?s=96&d=mm&r=g\",\"url\":\"https:\\\/\\\/secure.gravatar.com\\\/avatar\\\/6c05bd4dddbea475e283f76b4aa2d778ecb35c06fd92df5f6e0cac552163e2ac?s=96&d=mm&r=g\",\"contentUrl\":\"https:\\\/\\\/secure.gravatar.com\\\/avatar\\\/6c05bd4dddbea475e283f76b4aa2d778ecb35c06fd92df5f6e0cac552163e2ac?s=96&d=mm&r=g\",\"caption\":\"Redazione\"},\"url\":\"https:\\\/\\\/2017.carnico.it\\\/blog\\\/author\\\/clyco-admin\\\/\"}]}<\/script>\n<!-- \/ Yoast SEO plugin. -->","yoast_head_json":{"title":"CHICCHI DI CARNICO - Campionato Carnico 2017","robots":{"index":"index","follow":"follow","max-snippet":"max-snippet:-1","max-image-preview":"max-image-preview:large","max-video-preview":"max-video-preview:-1"},"canonical":"https:\/\/2017.carnico.it\/blog\/2014\/09\/02\/chicchi-di-carnico-30\/","og_locale":"it_IT","og_type":"article","og_title":"CHICCHI DI CARNICO - Campionato Carnico 2017","og_description":"I tifosi dei Mobilieri considerano quello di Maurizio \u201cMeuta\u201d Vidali un arrivederci pi\u00f9 che un addio. In occasione dell\u2019ultima (per quest\u2019anno \u2026) partita coi \u201cbelli gialli\u201d i supporters sutriesi hanno voluto salutare cos\u00ec il loro bomber in procinto di intraprendere l\u2019avventura con il Tolmezzo. Da parte nostra aggiungiamo un caloroso in bocca al lupo. Forza [&hellip;]","og_url":"https:\/\/2017.carnico.it\/blog\/2014\/09\/02\/chicchi-di-carnico-30\/","og_site_name":"Campionato Carnico 2017","article_publisher":"https:\/\/www.facebook.com\/campionatocarnico\/","article_published_time":"2014-09-01T22:56:47+00:00","og_image":[{"url":"https:\/\/www.carnico.it\/blog\/wp-content\/uploads\/2014\/09\/1529988_920697431278013_6215465092996443429_o.jpg","type":"","width":"","height":""}],"author":"Redazione","twitter_card":"summary_large_image","twitter_misc":{"Scritto da":"Redazione","Tempo di lettura stimato":"1 minuto"},"schema":{"@context":"https:\/\/schema.org","@graph":[{"@type":"Article","@id":"https:\/\/2017.carnico.it\/blog\/2014\/09\/02\/chicchi-di-carnico-30\/#article","isPartOf":{"@id":"https:\/\/2017.carnico.it\/blog\/2014\/09\/02\/chicchi-di-carnico-30\/"},"author":{"name":"Redazione","@id":"https:\/\/2017.carnico.it\/blog\/#\/schema\/person\/a68c764693d96df3238f123ea014e78c"},"headline":"CHICCHI DI CARNICO","datePublished":"2014-09-01T22:56:47+00:00","mainEntityOfPage":{"@id":"https:\/\/2017.carnico.it\/blog\/2014\/09\/02\/chicchi-di-carnico-30\/"},"wordCount":245,"commentCount":5,"image":{"@id":"https:\/\/2017.carnico.it\/blog\/2014\/09\/02\/chicchi-di-carnico-30\/#primaryimage"},"thumbnailUrl":"https:\/\/www.carnico.it\/blog\/wp-content\/uploads\/2014\/09\/1529988_920697431278013_6215465092996443429_o.jpg","articleSection":["Carnico","Varie"],"inLanguage":"it-IT","potentialAction":[{"@type":"CommentAction","name":"Comment","target":["https:\/\/2017.carnico.it\/blog\/2014\/09\/02\/chicchi-di-carnico-30\/#respond"]}]},{"@type":"WebPage","@id":"https:\/\/2017.carnico.it\/blog\/2014\/09\/02\/chicchi-di-carnico-30\/","url":"https:\/\/2017.carnico.it\/blog\/2014\/09\/02\/chicchi-di-carnico-30\/","name":"CHICCHI DI CARNICO - Campionato Carnico 2017","isPartOf":{"@id":"https:\/\/2017.carnico.it\/blog\/#website"},"primaryImageOfPage":{"@id":"https:\/\/2017.carnico.it\/blog\/2014\/09\/02\/chicchi-di-carnico-30\/#primaryimage"},"image":{"@id":"https:\/\/2017.carnico.it\/blog\/2014\/09\/02\/chicchi-di-carnico-30\/#primaryimage"},"thumbnailUrl":"https:\/\/www.carnico.it\/blog\/wp-content\/uploads\/2014\/09\/1529988_920697431278013_6215465092996443429_o.jpg","datePublished":"2014-09-01T22:56:47+00:00","author":{"@id":"https:\/\/2017.carnico.it\/blog\/#\/schema\/person\/a68c764693d96df3238f123ea014e78c"},"breadcrumb":{"@id":"https:\/\/2017.carnico.it\/blog\/2014\/09\/02\/chicchi-di-carnico-30\/#breadcrumb"},"inLanguage":"it-IT","potentialAction":[{"@type":"ReadAction","target":["https:\/\/2017.carnico.it\/blog\/2014\/09\/02\/chicchi-di-carnico-30\/"]}]},{"@type":"ImageObject","inLanguage":"it-IT","@id":"https:\/\/2017.carnico.it\/blog\/2014\/09\/02\/chicchi-di-carnico-30\/#primaryimage","url":"https:\/\/www.carnico.it\/blog\/wp-content\/uploads\/2014\/09\/1529988_920697431278013_6215465092996443429_o.jpg","contentUrl":"https:\/\/www.carnico.it\/blog\/wp-content\/uploads\/2014\/09\/1529988_920697431278013_6215465092996443429_o.jpg"},{"@type":"BreadcrumbList","@id":"https:\/\/2017.carnico.it\/blog\/2014\/09\/02\/chicchi-di-carnico-30\/#breadcrumb","itemListElement":[{"@type":"ListItem","position":1,"name":"Home","item":"https:\/\/2017.carnico.it\/blog\/"},{"@type":"ListItem","position":2,"name":"CHICCHI DI CARNICO"}]},{"@type":"WebSite","@id":"https:\/\/2017.carnico.it\/blog\/#website","url":"https:\/\/2017.carnico.it\/blog\/","name":"Campionato Carnico 2017","description":"Notizie e aggiornamenti in tempo reale sul campionato Carnico","potentialAction":[{"@type":"SearchAction","target":{"@type":"EntryPoint","urlTemplate":"https:\/\/2017.carnico.it\/blog\/?s={search_term_string}"},"query-input":{"@type":"PropertyValueSpecification","valueRequired":true,"valueName":"search_term_string"}}],"inLanguage":"it-IT"},{"@type":"Person","@id":"https:\/\/2017.carnico.it\/blog\/#\/schema\/person\/a68c764693d96df3238f123ea014e78c","name":"Redazione","image":{"@type":"ImageObject","inLanguage":"it-IT","@id":"https:\/\/secure.gravatar.com\/avatar\/6c05bd4dddbea475e283f76b4aa2d778ecb35c06fd92df5f6e0cac552163e2ac?s=96&d=mm&r=g","url":"https:\/\/secure.gravatar.com\/avatar\/6c05bd4dddbea475e283f76b4aa2d778ecb35c06fd92df5f6e0cac552163e2ac?s=96&d=mm&r=g","contentUrl":"https:\/\/secure.gravatar.com\/avatar\/6c05bd4dddbea475e283f76b4aa2d778ecb35c06fd92df5f6e0cac552163e2ac?s=96&d=mm&r=g","caption":"Redazione"},"url":"https:\/\/2017.carnico.it\/blog\/author\/clyco-admin\/"}]}},"_links":{"self":[{"href":"https:\/\/2017.carnico.it\/blog\/wp-json\/wp\/v2\/posts\/10957","targetHints":{"allow":["GET"]}}],"collection":[{"href":"https:\/\/2017.carnico.it\/blog\/wp-json\/wp\/v2\/posts"}],"about":[{"href":"https:\/\/2017.carnico.it\/blog\/wp-json\/wp\/v2\/types\/post"}],"author":[{"embeddable":true,"href":"https:\/\/2017.carnico.it\/blog\/wp-json\/wp\/v2\/users\/10"}],"replies":[{"embeddable":true,"href":"https:\/\/2017.carnico.it\/blog\/wp-json\/wp\/v2\/comments?post=10957"}],"version-history":[{"count":3,"href":"https:\/\/2017.carnico.it\/blog\/wp-json\/wp\/v2\/posts\/10957\/revisions"}],"predecessor-version":[{"id":10962,"href":"https:\/\/2017.carnico.it\/blog\/wp-json\/wp\/v2\/posts\/10957\/revisions\/10962"}],"wp:attachment":[{"href":"https:\/\/2017.carnico.it\/blog\/wp-json\/wp\/v2\/media?parent=10957"}],"wp:term":[{"taxonomy":"category","embeddable":true,"href":"https:\/\/2017.carnico.it\/blog\/wp-json\/wp\/v2\/categories?post=10957"},{"taxonomy":"post_tag","embeddable":true,"href":"https:\/\/2017.carnico.it\/blog\/wp-json\/wp\/v2\/tags?post=10957"}],"curies":[{"name":"wp","href":"https:\/\/api.w.org\/{rel}","templated":true}]}}