{"id":10946,"date":"2014-08-31T23:24:59","date_gmt":"2014-08-31T21:24:59","guid":{"rendered":"http:\/\/www.carnico.it\/blog\/?p=10946"},"modified":"2014-08-31T23:24:59","modified_gmt":"2014-08-31T21:24:59","slug":"i-fatti-della-giornata-73","status":"publish","type":"post","link":"https:\/\/2017.carnico.it\/blog\/2014\/08\/31\/i-fatti-della-giornata-73\/","title":{"rendered":"I FATTI DELLA GIORNATA"},"content":{"rendered":"<div id=\"attachment_10947\" style=\"width: 146px\" class=\"wp-caption alignleft\"><a href=\"https:\/\/www.carnico.it\/blog\/2014\/08\/31\/i-fatti-della-giornata-73\/cappellaro\/\" rel=\"attachment wp-att-10947\"><img loading=\"lazy\" decoding=\"async\" aria-describedby=\"caption-attachment-10947\" class=\" wp-image-10947\" src=\"https:\/\/www.carnico.it\/blog\/wp-content\/uploads\/2014\/08\/cappellaro.jpg\" alt=\"Cappellaro condanna il Fusca\" width=\"136\" height=\"182\" \/><\/a><p id=\"caption-attachment-10947\" class=\"wp-caption-text\">Cappellaro condanna il Fusca<\/p><\/div>\n<p><strong>PRIMA CATEGORIA<\/strong><br \/>\nLa 15.a vittoria del Cedarchis assomiglia ad una delle tante ottenute dai giallorossi: gli avversari giocano bene, creano qualche difficolt\u00e0, meriterebbero addirittura il vantaggio, poi, al primo minimo errore vengono puniti. Il killer di turno, stavolta ha le sembianze di Stefano Moro, abile a sfruttare due svarioni degli ovarsesi. Alle spalle (\u2026 ma sempre lontano 11 punti) del \u201cCeda\u201d \u00e8 rimasto il Cavazzo che passa in \u201cCuriedi\u201d, infliggendo al Fusca il terzo ko consecutivo.<!--more--> Chiaro che, a questo punto, tutti gli occhi sono puntati sulla lotta per la salvezza, ma anche qui la situazione che va delineandosi \u00e8 abbastanza indirizzata, perch\u00e9 Moggese e Trasaghis sono lontane 8 punti dal quart\u2019ultimo posto, mentre la Pontebbana \u00e8 a 6. Ma gi\u00e0 il turno infrasettimanale di mercoled\u00ec 3 potrebbe chiarire ancora di pi\u00f9 le cose: lo scontro Arta \u2013 Pontebbana potrebbe essere decisivo. In coda fa un punto (importante) il Paluzza che impone il nulla di fatto alla Moggese, mentre \u00e8 da segnalare il ritorno alla vittoria del Bordano che passando in casa della Folgore chiude un periodo nerissimo (la vittoria mancava ai biancorossi dal 6 luglio!). Sonante vittoria dei Mobilieri contro il Trasaghis con gol di commiato di Vidali che da domani raggiunger\u00e0 il Tolmezzo.<\/p>\n<p><strong>SECONDA CATEGORIA<\/strong><br \/>\nNella cadetteria, la giornata sorride all\u2019Edera: la squadra di Peirano, infatti, supera il Val Resia ed approfitta del rallentamento che ha riguardato tutte le altre al vertice: il Campagnola \u00e8 stato fermato sul pari a Sappda, cos\u00ec come la Velox a Raveo, mentre addirittura peggio ha fatto l\u2019Audax, superata dall\u2019Ancora, che con questo successo ha dato una mossa importante alla sua classifica in chiave salvezza. Nella lotta per non retrocedere punti importanti per l\u2019Illegiana (3 a 0 al Cercivento, sempre pi\u00f9 ultimo). Da segnalare, nel turno di riposo della Val del Lago, il successo di misura del Castello su La Delizia.<\/p>\n<p><strong>TERZA CATEGORIA<\/strong><br \/>\nOrmai il discorso per i primi tre posti \u00e8 un affare tra Verzegnis (successo in trasferta a Lauco) Amaro (vittorioso sul Timaucleulis) e San Pietro (vittoria di misura a Rigolato).Nelle altre partite successi per Ravascletto (in rimonta sull\u2019Ampezzo), Stella Azzurra (facile sull\u2019Ardita) e Comeglians (corsaro a Tarvisio).<\/p>\n","protected":false},"excerpt":{"rendered":"<p>PRIMA CATEGORIA La 15.a vittoria del Cedarchis assomiglia ad una delle tante ottenute dai giallorossi: gli avversari giocano bene, creano qualche difficolt\u00e0, meriterebbero addirittura il vantaggio, poi, al primo minimo errore vengono puniti. Il killer di turno, stavolta ha le sembianze di Stefano Moro, abile a sfruttare due svarioni degli ovarsesi. Alle spalle (\u2026 ma [&hellip;]<\/p>\n","protected":false},"author":10,"featured_media":0,"comment_status":"open","ping_status":"closed","sticky":false,"template":"","format":"standard","meta":{"footnotes":""},"categories":[3,1],"tags":[],"class_list":["post-10946","post","type-post","status-publish","format-standard","hentry","category-carnico","category-commento-campionato"],"yoast_head":"<!-- This site is optimized with the Yoast SEO plugin v27.3 - https:\/\/yoast.com\/product\/yoast-seo-wordpress\/ -->\n<title>I FATTI DELLA GIORNATA - Campionato Carnico 2017<\/title>\n<meta name=\"robots\" content=\"index, follow, max-snippet:-1, max-image-preview:large, max-video-preview:-1\" \/>\n<link rel=\"canonical\" href=\"https:\/\/2017.carnico.it\/blog\/2014\/08\/31\/i-fatti-della-giornata-73\/\" \/>\n<meta property=\"og:locale\" content=\"it_IT\" \/>\n<meta property=\"og:type\" content=\"article\" \/>\n<meta property=\"og:title\" content=\"I FATTI DELLA GIORNATA - Campionato Carnico 2017\" \/>\n<meta property=\"og:description\" content=\"PRIMA CATEGORIA La 15.a vittoria del Cedarchis assomiglia ad una delle tante ottenute dai giallorossi: gli avversari giocano bene, creano qualche difficolt\u00e0, meriterebbero addirittura il vantaggio, poi, al primo minimo errore vengono puniti. Il killer di turno, stavolta ha le sembianze di Stefano Moro, abile a sfruttare due svarioni degli ovarsesi. Alle spalle (\u2026 ma [&hellip;]\" \/>\n<meta property=\"og:url\" content=\"https:\/\/2017.carnico.it\/blog\/2014\/08\/31\/i-fatti-della-giornata-73\/\" \/>\n<meta property=\"og:site_name\" content=\"Campionato Carnico 2017\" \/>\n<meta property=\"article:publisher\" content=\"https:\/\/www.facebook.com\/campionatocarnico\/\" \/>\n<meta property=\"article:published_time\" content=\"2014-08-31T21:24:59+00:00\" \/>\n<meta property=\"og:image\" content=\"https:\/\/www.carnico.it\/blog\/wp-content\/uploads\/2014\/08\/cappellaro.jpg\" \/>\n<meta name=\"author\" content=\"Redazione\" \/>\n<meta name=\"twitter:card\" content=\"summary_large_image\" \/>\n<meta name=\"twitter:label1\" content=\"Scritto da\" \/>\n\t<meta name=\"twitter:data1\" content=\"Redazione\" \/>\n\t<meta name=\"twitter:label2\" content=\"Tempo di lettura stimato\" \/>\n\t<meta name=\"twitter:data2\" content=\"2 minuti\" \/>\n<script type=\"application\/ld+json\" class=\"yoast-schema-graph\">{\"@context\":\"https:\\\/\\\/schema.org\",\"@graph\":[{\"@type\":\"Article\",\"@id\":\"https:\\\/\\\/2017.carnico.it\\\/blog\\\/2014\\\/08\\\/31\\\/i-fatti-della-giornata-73\\\/#article\",\"isPartOf\":{\"@id\":\"https:\\\/\\\/2017.carnico.it\\\/blog\\\/2014\\\/08\\\/31\\\/i-fatti-della-giornata-73\\\/\"},\"author\":{\"name\":\"Redazione\",\"@id\":\"https:\\\/\\\/2017.carnico.it\\\/blog\\\/#\\\/schema\\\/person\\\/a68c764693d96df3238f123ea014e78c\"},\"headline\":\"I FATTI DELLA GIORNATA\",\"datePublished\":\"2014-08-31T21:24:59+00:00\",\"mainEntityOfPage\":{\"@id\":\"https:\\\/\\\/2017.carnico.it\\\/blog\\\/2014\\\/08\\\/31\\\/i-fatti-della-giornata-73\\\/\"},\"wordCount\":365,\"commentCount\":1,\"image\":{\"@id\":\"https:\\\/\\\/2017.carnico.it\\\/blog\\\/2014\\\/08\\\/31\\\/i-fatti-della-giornata-73\\\/#primaryimage\"},\"thumbnailUrl\":\"https:\\\/\\\/www.carnico.it\\\/blog\\\/wp-content\\\/uploads\\\/2014\\\/08\\\/cappellaro.jpg\",\"articleSection\":[\"Carnico\",\"Commento al campionato\"],\"inLanguage\":\"it-IT\",\"potentialAction\":[{\"@type\":\"CommentAction\",\"name\":\"Comment\",\"target\":[\"https:\\\/\\\/2017.carnico.it\\\/blog\\\/2014\\\/08\\\/31\\\/i-fatti-della-giornata-73\\\/#respond\"]}]},{\"@type\":\"WebPage\",\"@id\":\"https:\\\/\\\/2017.carnico.it\\\/blog\\\/2014\\\/08\\\/31\\\/i-fatti-della-giornata-73\\\/\",\"url\":\"https:\\\/\\\/2017.carnico.it\\\/blog\\\/2014\\\/08\\\/31\\\/i-fatti-della-giornata-73\\\/\",\"name\":\"I FATTI DELLA GIORNATA - Campionato Carnico 2017\",\"isPartOf\":{\"@id\":\"https:\\\/\\\/2017.carnico.it\\\/blog\\\/#website\"},\"primaryImageOfPage\":{\"@id\":\"https:\\\/\\\/2017.carnico.it\\\/blog\\\/2014\\\/08\\\/31\\\/i-fatti-della-giornata-73\\\/#primaryimage\"},\"image\":{\"@id\":\"https:\\\/\\\/2017.carnico.it\\\/blog\\\/2014\\\/08\\\/31\\\/i-fatti-della-giornata-73\\\/#primaryimage\"},\"thumbnailUrl\":\"https:\\\/\\\/www.carnico.it\\\/blog\\\/wp-content\\\/uploads\\\/2014\\\/08\\\/cappellaro.jpg\",\"datePublished\":\"2014-08-31T21:24:59+00:00\",\"author\":{\"@id\":\"https:\\\/\\\/2017.carnico.it\\\/blog\\\/#\\\/schema\\\/person\\\/a68c764693d96df3238f123ea014e78c\"},\"breadcrumb\":{\"@id\":\"https:\\\/\\\/2017.carnico.it\\\/blog\\\/2014\\\/08\\\/31\\\/i-fatti-della-giornata-73\\\/#breadcrumb\"},\"inLanguage\":\"it-IT\",\"potentialAction\":[{\"@type\":\"ReadAction\",\"target\":[\"https:\\\/\\\/2017.carnico.it\\\/blog\\\/2014\\\/08\\\/31\\\/i-fatti-della-giornata-73\\\/\"]}]},{\"@type\":\"ImageObject\",\"inLanguage\":\"it-IT\",\"@id\":\"https:\\\/\\\/2017.carnico.it\\\/blog\\\/2014\\\/08\\\/31\\\/i-fatti-della-giornata-73\\\/#primaryimage\",\"url\":\"https:\\\/\\\/www.carnico.it\\\/blog\\\/wp-content\\\/uploads\\\/2014\\\/08\\\/cappellaro.jpg\",\"contentUrl\":\"https:\\\/\\\/www.carnico.it\\\/blog\\\/wp-content\\\/uploads\\\/2014\\\/08\\\/cappellaro.jpg\"},{\"@type\":\"BreadcrumbList\",\"@id\":\"https:\\\/\\\/2017.carnico.it\\\/blog\\\/2014\\\/08\\\/31\\\/i-fatti-della-giornata-73\\\/#breadcrumb\",\"itemListElement\":[{\"@type\":\"ListItem\",\"position\":1,\"name\":\"Home\",\"item\":\"https:\\\/\\\/2017.carnico.it\\\/blog\\\/\"},{\"@type\":\"ListItem\",\"position\":2,\"name\":\"I FATTI DELLA GIORNATA\"}]},{\"@type\":\"WebSite\",\"@id\":\"https:\\\/\\\/2017.carnico.it\\\/blog\\\/#website\",\"url\":\"https:\\\/\\\/2017.carnico.it\\\/blog\\\/\",\"name\":\"Campionato Carnico 2017\",\"description\":\"Notizie e aggiornamenti in tempo reale sul campionato Carnico\",\"potentialAction\":[{\"@type\":\"SearchAction\",\"target\":{\"@type\":\"EntryPoint\",\"urlTemplate\":\"https:\\\/\\\/2017.carnico.it\\\/blog\\\/?s={search_term_string}\"},\"query-input\":{\"@type\":\"PropertyValueSpecification\",\"valueRequired\":true,\"valueName\":\"search_term_string\"}}],\"inLanguage\":\"it-IT\"},{\"@type\":\"Person\",\"@id\":\"https:\\\/\\\/2017.carnico.it\\\/blog\\\/#\\\/schema\\\/person\\\/a68c764693d96df3238f123ea014e78c\",\"name\":\"Redazione\",\"image\":{\"@type\":\"ImageObject\",\"inLanguage\":\"it-IT\",\"@id\":\"https:\\\/\\\/secure.gravatar.com\\\/avatar\\\/6c05bd4dddbea475e283f76b4aa2d778ecb35c06fd92df5f6e0cac552163e2ac?s=96&d=mm&r=g\",\"url\":\"https:\\\/\\\/secure.gravatar.com\\\/avatar\\\/6c05bd4dddbea475e283f76b4aa2d778ecb35c06fd92df5f6e0cac552163e2ac?s=96&d=mm&r=g\",\"contentUrl\":\"https:\\\/\\\/secure.gravatar.com\\\/avatar\\\/6c05bd4dddbea475e283f76b4aa2d778ecb35c06fd92df5f6e0cac552163e2ac?s=96&d=mm&r=g\",\"caption\":\"Redazione\"},\"url\":\"https:\\\/\\\/2017.carnico.it\\\/blog\\\/author\\\/clyco-admin\\\/\"}]}<\/script>\n<!-- \/ Yoast SEO plugin. -->","yoast_head_json":{"title":"I FATTI DELLA GIORNATA - Campionato Carnico 2017","robots":{"index":"index","follow":"follow","max-snippet":"max-snippet:-1","max-image-preview":"max-image-preview:large","max-video-preview":"max-video-preview:-1"},"canonical":"https:\/\/2017.carnico.it\/blog\/2014\/08\/31\/i-fatti-della-giornata-73\/","og_locale":"it_IT","og_type":"article","og_title":"I FATTI DELLA GIORNATA - Campionato Carnico 2017","og_description":"PRIMA CATEGORIA La 15.a vittoria del Cedarchis assomiglia ad una delle tante ottenute dai giallorossi: gli avversari giocano bene, creano qualche difficolt\u00e0, meriterebbero addirittura il vantaggio, poi, al primo minimo errore vengono puniti. Il killer di turno, stavolta ha le sembianze di Stefano Moro, abile a sfruttare due svarioni degli ovarsesi. Alle spalle (\u2026 ma [&hellip;]","og_url":"https:\/\/2017.carnico.it\/blog\/2014\/08\/31\/i-fatti-della-giornata-73\/","og_site_name":"Campionato Carnico 2017","article_publisher":"https:\/\/www.facebook.com\/campionatocarnico\/","article_published_time":"2014-08-31T21:24:59+00:00","og_image":[{"url":"https:\/\/www.carnico.it\/blog\/wp-content\/uploads\/2014\/08\/cappellaro.jpg","type":"","width":"","height":""}],"author":"Redazione","twitter_card":"summary_large_image","twitter_misc":{"Scritto da":"Redazione","Tempo di lettura stimato":"2 minuti"},"schema":{"@context":"https:\/\/schema.org","@graph":[{"@type":"Article","@id":"https:\/\/2017.carnico.it\/blog\/2014\/08\/31\/i-fatti-della-giornata-73\/#article","isPartOf":{"@id":"https:\/\/2017.carnico.it\/blog\/2014\/08\/31\/i-fatti-della-giornata-73\/"},"author":{"name":"Redazione","@id":"https:\/\/2017.carnico.it\/blog\/#\/schema\/person\/a68c764693d96df3238f123ea014e78c"},"headline":"I FATTI DELLA GIORNATA","datePublished":"2014-08-31T21:24:59+00:00","mainEntityOfPage":{"@id":"https:\/\/2017.carnico.it\/blog\/2014\/08\/31\/i-fatti-della-giornata-73\/"},"wordCount":365,"commentCount":1,"image":{"@id":"https:\/\/2017.carnico.it\/blog\/2014\/08\/31\/i-fatti-della-giornata-73\/#primaryimage"},"thumbnailUrl":"https:\/\/www.carnico.it\/blog\/wp-content\/uploads\/2014\/08\/cappellaro.jpg","articleSection":["Carnico","Commento al campionato"],"inLanguage":"it-IT","potentialAction":[{"@type":"CommentAction","name":"Comment","target":["https:\/\/2017.carnico.it\/blog\/2014\/08\/31\/i-fatti-della-giornata-73\/#respond"]}]},{"@type":"WebPage","@id":"https:\/\/2017.carnico.it\/blog\/2014\/08\/31\/i-fatti-della-giornata-73\/","url":"https:\/\/2017.carnico.it\/blog\/2014\/08\/31\/i-fatti-della-giornata-73\/","name":"I FATTI DELLA GIORNATA - Campionato Carnico 2017","isPartOf":{"@id":"https:\/\/2017.carnico.it\/blog\/#website"},"primaryImageOfPage":{"@id":"https:\/\/2017.carnico.it\/blog\/2014\/08\/31\/i-fatti-della-giornata-73\/#primaryimage"},"image":{"@id":"https:\/\/2017.carnico.it\/blog\/2014\/08\/31\/i-fatti-della-giornata-73\/#primaryimage"},"thumbnailUrl":"https:\/\/www.carnico.it\/blog\/wp-content\/uploads\/2014\/08\/cappellaro.jpg","datePublished":"2014-08-31T21:24:59+00:00","author":{"@id":"https:\/\/2017.carnico.it\/blog\/#\/schema\/person\/a68c764693d96df3238f123ea014e78c"},"breadcrumb":{"@id":"https:\/\/2017.carnico.it\/blog\/2014\/08\/31\/i-fatti-della-giornata-73\/#breadcrumb"},"inLanguage":"it-IT","potentialAction":[{"@type":"ReadAction","target":["https:\/\/2017.carnico.it\/blog\/2014\/08\/31\/i-fatti-della-giornata-73\/"]}]},{"@type":"ImageObject","inLanguage":"it-IT","@id":"https:\/\/2017.carnico.it\/blog\/2014\/08\/31\/i-fatti-della-giornata-73\/#primaryimage","url":"https:\/\/www.carnico.it\/blog\/wp-content\/uploads\/2014\/08\/cappellaro.jpg","contentUrl":"https:\/\/www.carnico.it\/blog\/wp-content\/uploads\/2014\/08\/cappellaro.jpg"},{"@type":"BreadcrumbList","@id":"https:\/\/2017.carnico.it\/blog\/2014\/08\/31\/i-fatti-della-giornata-73\/#breadcrumb","itemListElement":[{"@type":"ListItem","position":1,"name":"Home","item":"https:\/\/2017.carnico.it\/blog\/"},{"@type":"ListItem","position":2,"name":"I FATTI DELLA GIORNATA"}]},{"@type":"WebSite","@id":"https:\/\/2017.carnico.it\/blog\/#website","url":"https:\/\/2017.carnico.it\/blog\/","name":"Campionato Carnico 2017","description":"Notizie e aggiornamenti in tempo reale sul campionato Carnico","potentialAction":[{"@type":"SearchAction","target":{"@type":"EntryPoint","urlTemplate":"https:\/\/2017.carnico.it\/blog\/?s={search_term_string}"},"query-input":{"@type":"PropertyValueSpecification","valueRequired":true,"valueName":"search_term_string"}}],"inLanguage":"it-IT"},{"@type":"Person","@id":"https:\/\/2017.carnico.it\/blog\/#\/schema\/person\/a68c764693d96df3238f123ea014e78c","name":"Redazione","image":{"@type":"ImageObject","inLanguage":"it-IT","@id":"https:\/\/secure.gravatar.com\/avatar\/6c05bd4dddbea475e283f76b4aa2d778ecb35c06fd92df5f6e0cac552163e2ac?s=96&d=mm&r=g","url":"https:\/\/secure.gravatar.com\/avatar\/6c05bd4dddbea475e283f76b4aa2d778ecb35c06fd92df5f6e0cac552163e2ac?s=96&d=mm&r=g","contentUrl":"https:\/\/secure.gravatar.com\/avatar\/6c05bd4dddbea475e283f76b4aa2d778ecb35c06fd92df5f6e0cac552163e2ac?s=96&d=mm&r=g","caption":"Redazione"},"url":"https:\/\/2017.carnico.it\/blog\/author\/clyco-admin\/"}]}},"_links":{"self":[{"href":"https:\/\/2017.carnico.it\/blog\/wp-json\/wp\/v2\/posts\/10946","targetHints":{"allow":["GET"]}}],"collection":[{"href":"https:\/\/2017.carnico.it\/blog\/wp-json\/wp\/v2\/posts"}],"about":[{"href":"https:\/\/2017.carnico.it\/blog\/wp-json\/wp\/v2\/types\/post"}],"author":[{"embeddable":true,"href":"https:\/\/2017.carnico.it\/blog\/wp-json\/wp\/v2\/users\/10"}],"replies":[{"embeddable":true,"href":"https:\/\/2017.carnico.it\/blog\/wp-json\/wp\/v2\/comments?post=10946"}],"version-history":[{"count":2,"href":"https:\/\/2017.carnico.it\/blog\/wp-json\/wp\/v2\/posts\/10946\/revisions"}],"predecessor-version":[{"id":10949,"href":"https:\/\/2017.carnico.it\/blog\/wp-json\/wp\/v2\/posts\/10946\/revisions\/10949"}],"wp:attachment":[{"href":"https:\/\/2017.carnico.it\/blog\/wp-json\/wp\/v2\/media?parent=10946"}],"wp:term":[{"taxonomy":"category","embeddable":true,"href":"https:\/\/2017.carnico.it\/blog\/wp-json\/wp\/v2\/categories?post=10946"},{"taxonomy":"post_tag","embeddable":true,"href":"https:\/\/2017.carnico.it\/blog\/wp-json\/wp\/v2\/tags?post=10946"}],"curies":[{"name":"wp","href":"https:\/\/api.w.org\/{rel}","templated":true}]}}