{"id":10903,"date":"2014-08-18T18:34:35","date_gmt":"2014-08-18T16:34:35","guid":{"rendered":"http:\/\/www.carnico.it\/blog\/?p=10903"},"modified":"2014-08-18T18:34:35","modified_gmt":"2014-08-18T16:34:35","slug":"finale-coppa-carnia-il-cavazzo-ci-sara","status":"publish","type":"post","link":"https:\/\/2017.carnico.it\/blog\/2014\/08\/18\/finale-coppa-carnia-il-cavazzo-ci-sara\/","title":{"rendered":"FINALE COPPA CARNIA, IL CAVAZZO CI SARA&#8217;"},"content":{"rendered":"<p>Il Cavazzo, attraverso la sua dirigenza, ha annunciato che sar\u00e0 regolarmente presente alla finale di Coppa Carnia con l&#8217;Ovarese, in programma mercoled\u00ec 20 agosto alle 20.30 a Villa Santina.<br \/>\nLa decisione \u00e8 arrivata dopo che era stata anche paventata la possibilit\u00e0 di una rinuncia in segno di protesta per la data scelta dalla Figc dopo il rinvio del 13 agosto.<br \/>\nA quanto pare i viola saranno presenti con tutti i giocatori, compresi coloro che si trovano attualmente in ferie.<br \/>\nRicordiamo che la partita sar\u00e0 trasmessa in diretta da Radio Studio Nord con il commento di Renato Damiani e Andrea Calestani.<\/p>\n","protected":false},"excerpt":{"rendered":"<p>Il Cavazzo, attraverso la sua dirigenza, ha annunciato che sar\u00e0 regolarmente presente alla finale di Coppa Carnia con l&#8217;Ovarese, in programma mercoled\u00ec 20 agosto alle 20.30 a Villa Santina. La decisione \u00e8 arrivata dopo che era stata anche paventata la possibilit\u00e0 di una rinuncia in segno di protesta per la data scelta dalla Figc dopo [&hellip;]<\/p>\n","protected":false},"author":10,"featured_media":0,"comment_status":"open","ping_status":"closed","sticky":false,"template":"","format":"standard","meta":{"footnotes":""},"categories":[6,4],"tags":[],"class_list":["post-10903","post","type-post","status-publish","format-standard","hentry","category-coppa-carnia","category-radio-studio-nord"],"yoast_head":"<!-- This site is optimized with the Yoast SEO plugin v27.3 - https:\/\/yoast.com\/product\/yoast-seo-wordpress\/ -->\n<title>FINALE COPPA CARNIA, IL CAVAZZO CI SARA&#039; - Campionato Carnico 2017<\/title>\n<meta name=\"robots\" content=\"index, follow, max-snippet:-1, max-image-preview:large, max-video-preview:-1\" \/>\n<link rel=\"canonical\" href=\"https:\/\/2017.carnico.it\/blog\/2014\/08\/18\/finale-coppa-carnia-il-cavazzo-ci-sara\/\" \/>\n<meta property=\"og:locale\" content=\"it_IT\" \/>\n<meta property=\"og:type\" content=\"article\" \/>\n<meta property=\"og:title\" content=\"FINALE COPPA CARNIA, IL CAVAZZO CI SARA&#039; - Campionato Carnico 2017\" \/>\n<meta property=\"og:description\" content=\"Il Cavazzo, attraverso la sua dirigenza, ha annunciato che sar\u00e0 regolarmente presente alla finale di Coppa Carnia con l&#8217;Ovarese, in programma mercoled\u00ec 20 agosto alle 20.30 a Villa Santina. La decisione \u00e8 arrivata dopo che era stata anche paventata la possibilit\u00e0 di una rinuncia in segno di protesta per la data scelta dalla Figc dopo [&hellip;]\" \/>\n<meta property=\"og:url\" content=\"https:\/\/2017.carnico.it\/blog\/2014\/08\/18\/finale-coppa-carnia-il-cavazzo-ci-sara\/\" \/>\n<meta property=\"og:site_name\" content=\"Campionato Carnico 2017\" \/>\n<meta property=\"article:publisher\" content=\"https:\/\/www.facebook.com\/campionatocarnico\/\" \/>\n<meta property=\"article:published_time\" content=\"2014-08-18T16:34:35+00:00\" \/>\n<meta name=\"author\" content=\"Redazione\" \/>\n<meta name=\"twitter:card\" content=\"summary_large_image\" \/>\n<meta name=\"twitter:label1\" content=\"Scritto da\" \/>\n\t<meta name=\"twitter:data1\" content=\"Redazione\" \/>\n<script type=\"application\/ld+json\" class=\"yoast-schema-graph\">{\"@context\":\"https:\\\/\\\/schema.org\",\"@graph\":[{\"@type\":\"Article\",\"@id\":\"https:\\\/\\\/2017.carnico.it\\\/blog\\\/2014\\\/08\\\/18\\\/finale-coppa-carnia-il-cavazzo-ci-sara\\\/#article\",\"isPartOf\":{\"@id\":\"https:\\\/\\\/2017.carnico.it\\\/blog\\\/2014\\\/08\\\/18\\\/finale-coppa-carnia-il-cavazzo-ci-sara\\\/\"},\"author\":{\"name\":\"Redazione\",\"@id\":\"https:\\\/\\\/2017.carnico.it\\\/blog\\\/#\\\/schema\\\/person\\\/a68c764693d96df3238f123ea014e78c\"},\"headline\":\"FINALE COPPA CARNIA, IL CAVAZZO CI SARA&#8217;\",\"datePublished\":\"2014-08-18T16:34:35+00:00\",\"mainEntityOfPage\":{\"@id\":\"https:\\\/\\\/2017.carnico.it\\\/blog\\\/2014\\\/08\\\/18\\\/finale-coppa-carnia-il-cavazzo-ci-sara\\\/\"},\"wordCount\":104,\"commentCount\":0,\"articleSection\":[\"Coppa Carnia\",\"Radio.Studio.Nord\"],\"inLanguage\":\"it-IT\",\"potentialAction\":[{\"@type\":\"CommentAction\",\"name\":\"Comment\",\"target\":[\"https:\\\/\\\/2017.carnico.it\\\/blog\\\/2014\\\/08\\\/18\\\/finale-coppa-carnia-il-cavazzo-ci-sara\\\/#respond\"]}]},{\"@type\":\"WebPage\",\"@id\":\"https:\\\/\\\/2017.carnico.it\\\/blog\\\/2014\\\/08\\\/18\\\/finale-coppa-carnia-il-cavazzo-ci-sara\\\/\",\"url\":\"https:\\\/\\\/2017.carnico.it\\\/blog\\\/2014\\\/08\\\/18\\\/finale-coppa-carnia-il-cavazzo-ci-sara\\\/\",\"name\":\"FINALE COPPA CARNIA, IL CAVAZZO CI SARA' - Campionato Carnico 2017\",\"isPartOf\":{\"@id\":\"https:\\\/\\\/2017.carnico.it\\\/blog\\\/#website\"},\"datePublished\":\"2014-08-18T16:34:35+00:00\",\"author\":{\"@id\":\"https:\\\/\\\/2017.carnico.it\\\/blog\\\/#\\\/schema\\\/person\\\/a68c764693d96df3238f123ea014e78c\"},\"breadcrumb\":{\"@id\":\"https:\\\/\\\/2017.carnico.it\\\/blog\\\/2014\\\/08\\\/18\\\/finale-coppa-carnia-il-cavazzo-ci-sara\\\/#breadcrumb\"},\"inLanguage\":\"it-IT\",\"potentialAction\":[{\"@type\":\"ReadAction\",\"target\":[\"https:\\\/\\\/2017.carnico.it\\\/blog\\\/2014\\\/08\\\/18\\\/finale-coppa-carnia-il-cavazzo-ci-sara\\\/\"]}]},{\"@type\":\"BreadcrumbList\",\"@id\":\"https:\\\/\\\/2017.carnico.it\\\/blog\\\/2014\\\/08\\\/18\\\/finale-coppa-carnia-il-cavazzo-ci-sara\\\/#breadcrumb\",\"itemListElement\":[{\"@type\":\"ListItem\",\"position\":1,\"name\":\"Home\",\"item\":\"https:\\\/\\\/2017.carnico.it\\\/blog\\\/\"},{\"@type\":\"ListItem\",\"position\":2,\"name\":\"FINALE COPPA CARNIA, IL CAVAZZO CI SARA&#8217;\"}]},{\"@type\":\"WebSite\",\"@id\":\"https:\\\/\\\/2017.carnico.it\\\/blog\\\/#website\",\"url\":\"https:\\\/\\\/2017.carnico.it\\\/blog\\\/\",\"name\":\"Campionato Carnico 2017\",\"description\":\"Notizie e aggiornamenti in tempo reale sul campionato Carnico\",\"potentialAction\":[{\"@type\":\"SearchAction\",\"target\":{\"@type\":\"EntryPoint\",\"urlTemplate\":\"https:\\\/\\\/2017.carnico.it\\\/blog\\\/?s={search_term_string}\"},\"query-input\":{\"@type\":\"PropertyValueSpecification\",\"valueRequired\":true,\"valueName\":\"search_term_string\"}}],\"inLanguage\":\"it-IT\"},{\"@type\":\"Person\",\"@id\":\"https:\\\/\\\/2017.carnico.it\\\/blog\\\/#\\\/schema\\\/person\\\/a68c764693d96df3238f123ea014e78c\",\"name\":\"Redazione\",\"image\":{\"@type\":\"ImageObject\",\"inLanguage\":\"it-IT\",\"@id\":\"https:\\\/\\\/secure.gravatar.com\\\/avatar\\\/6c05bd4dddbea475e283f76b4aa2d778ecb35c06fd92df5f6e0cac552163e2ac?s=96&d=mm&r=g\",\"url\":\"https:\\\/\\\/secure.gravatar.com\\\/avatar\\\/6c05bd4dddbea475e283f76b4aa2d778ecb35c06fd92df5f6e0cac552163e2ac?s=96&d=mm&r=g\",\"contentUrl\":\"https:\\\/\\\/secure.gravatar.com\\\/avatar\\\/6c05bd4dddbea475e283f76b4aa2d778ecb35c06fd92df5f6e0cac552163e2ac?s=96&d=mm&r=g\",\"caption\":\"Redazione\"},\"url\":\"https:\\\/\\\/2017.carnico.it\\\/blog\\\/author\\\/clyco-admin\\\/\"}]}<\/script>\n<!-- \/ Yoast SEO plugin. -->","yoast_head_json":{"title":"FINALE COPPA CARNIA, IL CAVAZZO CI SARA' - Campionato Carnico 2017","robots":{"index":"index","follow":"follow","max-snippet":"max-snippet:-1","max-image-preview":"max-image-preview:large","max-video-preview":"max-video-preview:-1"},"canonical":"https:\/\/2017.carnico.it\/blog\/2014\/08\/18\/finale-coppa-carnia-il-cavazzo-ci-sara\/","og_locale":"it_IT","og_type":"article","og_title":"FINALE COPPA CARNIA, IL CAVAZZO CI SARA' - Campionato Carnico 2017","og_description":"Il Cavazzo, attraverso la sua dirigenza, ha annunciato che sar\u00e0 regolarmente presente alla finale di Coppa Carnia con l&#8217;Ovarese, in programma mercoled\u00ec 20 agosto alle 20.30 a Villa Santina. La decisione \u00e8 arrivata dopo che era stata anche paventata la possibilit\u00e0 di una rinuncia in segno di protesta per la data scelta dalla Figc dopo [&hellip;]","og_url":"https:\/\/2017.carnico.it\/blog\/2014\/08\/18\/finale-coppa-carnia-il-cavazzo-ci-sara\/","og_site_name":"Campionato Carnico 2017","article_publisher":"https:\/\/www.facebook.com\/campionatocarnico\/","article_published_time":"2014-08-18T16:34:35+00:00","author":"Redazione","twitter_card":"summary_large_image","twitter_misc":{"Scritto da":"Redazione"},"schema":{"@context":"https:\/\/schema.org","@graph":[{"@type":"Article","@id":"https:\/\/2017.carnico.it\/blog\/2014\/08\/18\/finale-coppa-carnia-il-cavazzo-ci-sara\/#article","isPartOf":{"@id":"https:\/\/2017.carnico.it\/blog\/2014\/08\/18\/finale-coppa-carnia-il-cavazzo-ci-sara\/"},"author":{"name":"Redazione","@id":"https:\/\/2017.carnico.it\/blog\/#\/schema\/person\/a68c764693d96df3238f123ea014e78c"},"headline":"FINALE COPPA CARNIA, IL CAVAZZO CI SARA&#8217;","datePublished":"2014-08-18T16:34:35+00:00","mainEntityOfPage":{"@id":"https:\/\/2017.carnico.it\/blog\/2014\/08\/18\/finale-coppa-carnia-il-cavazzo-ci-sara\/"},"wordCount":104,"commentCount":0,"articleSection":["Coppa Carnia","Radio.Studio.Nord"],"inLanguage":"it-IT","potentialAction":[{"@type":"CommentAction","name":"Comment","target":["https:\/\/2017.carnico.it\/blog\/2014\/08\/18\/finale-coppa-carnia-il-cavazzo-ci-sara\/#respond"]}]},{"@type":"WebPage","@id":"https:\/\/2017.carnico.it\/blog\/2014\/08\/18\/finale-coppa-carnia-il-cavazzo-ci-sara\/","url":"https:\/\/2017.carnico.it\/blog\/2014\/08\/18\/finale-coppa-carnia-il-cavazzo-ci-sara\/","name":"FINALE COPPA CARNIA, IL CAVAZZO CI SARA' - Campionato Carnico 2017","isPartOf":{"@id":"https:\/\/2017.carnico.it\/blog\/#website"},"datePublished":"2014-08-18T16:34:35+00:00","author":{"@id":"https:\/\/2017.carnico.it\/blog\/#\/schema\/person\/a68c764693d96df3238f123ea014e78c"},"breadcrumb":{"@id":"https:\/\/2017.carnico.it\/blog\/2014\/08\/18\/finale-coppa-carnia-il-cavazzo-ci-sara\/#breadcrumb"},"inLanguage":"it-IT","potentialAction":[{"@type":"ReadAction","target":["https:\/\/2017.carnico.it\/blog\/2014\/08\/18\/finale-coppa-carnia-il-cavazzo-ci-sara\/"]}]},{"@type":"BreadcrumbList","@id":"https:\/\/2017.carnico.it\/blog\/2014\/08\/18\/finale-coppa-carnia-il-cavazzo-ci-sara\/#breadcrumb","itemListElement":[{"@type":"ListItem","position":1,"name":"Home","item":"https:\/\/2017.carnico.it\/blog\/"},{"@type":"ListItem","position":2,"name":"FINALE COPPA CARNIA, IL CAVAZZO CI SARA&#8217;"}]},{"@type":"WebSite","@id":"https:\/\/2017.carnico.it\/blog\/#website","url":"https:\/\/2017.carnico.it\/blog\/","name":"Campionato Carnico 2017","description":"Notizie e aggiornamenti in tempo reale sul campionato Carnico","potentialAction":[{"@type":"SearchAction","target":{"@type":"EntryPoint","urlTemplate":"https:\/\/2017.carnico.it\/blog\/?s={search_term_string}"},"query-input":{"@type":"PropertyValueSpecification","valueRequired":true,"valueName":"search_term_string"}}],"inLanguage":"it-IT"},{"@type":"Person","@id":"https:\/\/2017.carnico.it\/blog\/#\/schema\/person\/a68c764693d96df3238f123ea014e78c","name":"Redazione","image":{"@type":"ImageObject","inLanguage":"it-IT","@id":"https:\/\/secure.gravatar.com\/avatar\/6c05bd4dddbea475e283f76b4aa2d778ecb35c06fd92df5f6e0cac552163e2ac?s=96&d=mm&r=g","url":"https:\/\/secure.gravatar.com\/avatar\/6c05bd4dddbea475e283f76b4aa2d778ecb35c06fd92df5f6e0cac552163e2ac?s=96&d=mm&r=g","contentUrl":"https:\/\/secure.gravatar.com\/avatar\/6c05bd4dddbea475e283f76b4aa2d778ecb35c06fd92df5f6e0cac552163e2ac?s=96&d=mm&r=g","caption":"Redazione"},"url":"https:\/\/2017.carnico.it\/blog\/author\/clyco-admin\/"}]}},"_links":{"self":[{"href":"https:\/\/2017.carnico.it\/blog\/wp-json\/wp\/v2\/posts\/10903","targetHints":{"allow":["GET"]}}],"collection":[{"href":"https:\/\/2017.carnico.it\/blog\/wp-json\/wp\/v2\/posts"}],"about":[{"href":"https:\/\/2017.carnico.it\/blog\/wp-json\/wp\/v2\/types\/post"}],"author":[{"embeddable":true,"href":"https:\/\/2017.carnico.it\/blog\/wp-json\/wp\/v2\/users\/10"}],"replies":[{"embeddable":true,"href":"https:\/\/2017.carnico.it\/blog\/wp-json\/wp\/v2\/comments?post=10903"}],"version-history":[{"count":1,"href":"https:\/\/2017.carnico.it\/blog\/wp-json\/wp\/v2\/posts\/10903\/revisions"}],"predecessor-version":[{"id":10904,"href":"https:\/\/2017.carnico.it\/blog\/wp-json\/wp\/v2\/posts\/10903\/revisions\/10904"}],"wp:attachment":[{"href":"https:\/\/2017.carnico.it\/blog\/wp-json\/wp\/v2\/media?parent=10903"}],"wp:term":[{"taxonomy":"category","embeddable":true,"href":"https:\/\/2017.carnico.it\/blog\/wp-json\/wp\/v2\/categories?post=10903"},{"taxonomy":"post_tag","embeddable":true,"href":"https:\/\/2017.carnico.it\/blog\/wp-json\/wp\/v2\/tags?post=10903"}],"curies":[{"name":"wp","href":"https:\/\/api.w.org\/{rel}","templated":true}]}}