{"id":10834,"date":"2014-08-11T22:28:10","date_gmt":"2014-08-11T20:28:10","guid":{"rendered":"http:\/\/www.carnico.it\/blog\/?p=10834"},"modified":"2014-08-13T14:43:11","modified_gmt":"2014-08-13T12:43:11","slug":"gli-amici-ricordano-mario-gerometta","status":"publish","type":"post","link":"https:\/\/2017.carnico.it\/blog\/2014\/08\/11\/gli-amici-ricordano-mario-gerometta\/","title":{"rendered":"GLI AMICI RICORDANO MARIO GEROMETTA"},"content":{"rendered":"<div id=\"attachment_10835\" style=\"width: 310px\" class=\"wp-caption alignleft\"><a href=\"https:\/\/www.carnico.it\/blog\/2014\/08\/11\/gli-amici-ricordano-mario-gerometta\/stadio-050\/\" rel=\"attachment wp-att-10835\"><img loading=\"lazy\" decoding=\"async\" aria-describedby=\"caption-attachment-10835\" class=\"size-medium wp-image-10835\" src=\"https:\/\/www.carnico.it\/blog\/wp-content\/uploads\/2014\/08\/stadio-050-300x173.jpg\" alt=\"Il Paluzza di Gerometta\" width=\"300\" height=\"173\" srcset=\"https:\/\/2017.carnico.it\/blog\/wp-content\/uploads\/2014\/08\/stadio-050-300x173.jpg 300w, https:\/\/2017.carnico.it\/blog\/wp-content\/uploads\/2014\/08\/stadio-050-450x260.jpg 450w, https:\/\/2017.carnico.it\/blog\/wp-content\/uploads\/2014\/08\/stadio-050-630x364.jpg 630w\" sizes=\"auto, (max-width: 300px) 100vw, 300px\" \/><\/a><p id=\"caption-attachment-10835\" class=\"wp-caption-text\">Il Paluzza di Gerometta<\/p><\/div>\n<p>Il 14 di agosto di un anno fa, vinto da un male incurabile, se ne andava Mario Gerometta, difensore del Paluzza negli anni 60 e 70. Se ne \u00e8 andato a 60 anni, troppo presto, certo, ma quei pochi anni che il destino gli ha riservato sono stati pi\u00f9 che sufficienti per lasciare nei ricordi di chi lo ha conosciuto l\u2019immagine bella e pulita di una persona bella e pulita. Una di quelle persone che magari non parlano tanto, ma sanno sempre trovare le parole giuste per dire cose sensate. <!--more-->Persona riservata, ma non introversa; carattere restio, ma non musone. Gli amici, tanti compagni di quella squadra, ad un anno esatto dalla sua scomparsa hanno voluto ricordarlo. E cosa c\u2019\u00e8 di meglio, per farlo, di una partita di calcio? Qualcuno non c\u2019\u00e8 pi\u00f9, qualcuno non potr\u00e0 esserci, qualcuno avr\u00e0 magari qualche capello in meno e qualche chilo in pi\u00f9, ma non fa nulla. L\u2019importante sar\u00e0 esserci, <strong>gioved\u00ec 14 alle ore 17 al Comunale di Paluzza<\/strong>, dove gli amici di Mario incontreranno una selezione di altri amici provenienti da Pordenone. Promotore dell\u2019evento \u00e8 stato Manlio Lorenzini, che di quella squadra faceva parte e che porta il Carnico nel cuore. Nella foto (volutamente non ritoccata per preservarne il fascino discreto della nostalgia) eccoli i protagonisti di quel Paluzza: il primo in piedi da sinistra \u00e8 il mister, Angelo Ortobelli; vicino a lui Guido Paoloni, Bellina, Ettore Ganz, Mario Gerometta, Aulo Maieron e Furio Boschetti. Accosciati: sempre da sinistra Mario Plazzotta, Silvio Maier, Vittorio \u201cPicoio\u201d Nodale, Manlio Lorenzini e Ren\u00e8 Pagavino. Al termine del\u2019incontro, gli amici di Mario consegneranno alla moglie Paola ed alla figlia Stefania, una targa ricordo, prima di chiudere la serata con un momento conviviale presso il chiosco del campo.<\/p>\n","protected":false},"excerpt":{"rendered":"<p>Il 14 di agosto di un anno fa, vinto da un male incurabile, se ne andava Mario Gerometta, difensore del Paluzza negli anni 60 e 70. Se ne \u00e8 andato a 60 anni, troppo presto, certo, ma quei pochi anni che il destino gli ha riservato sono stati pi\u00f9 che sufficienti per lasciare nei ricordi [&hellip;]<\/p>\n","protected":false},"author":10,"featured_media":0,"comment_status":"open","ping_status":"closed","sticky":false,"template":"","format":"standard","meta":{"footnotes":""},"categories":[3,5],"tags":[],"class_list":["post-10834","post","type-post","status-publish","format-standard","hentry","category-carnico","category-varie"],"yoast_head":"<!-- This site is optimized with the Yoast SEO plugin v27.3 - https:\/\/yoast.com\/product\/yoast-seo-wordpress\/ -->\n<title>GLI AMICI RICORDANO MARIO GEROMETTA - Campionato Carnico 2017<\/title>\n<meta name=\"robots\" content=\"index, follow, max-snippet:-1, max-image-preview:large, max-video-preview:-1\" \/>\n<link rel=\"canonical\" href=\"https:\/\/2017.carnico.it\/blog\/2014\/08\/11\/gli-amici-ricordano-mario-gerometta\/\" \/>\n<meta property=\"og:locale\" content=\"it_IT\" \/>\n<meta property=\"og:type\" content=\"article\" \/>\n<meta property=\"og:title\" content=\"GLI AMICI RICORDANO MARIO GEROMETTA - Campionato Carnico 2017\" \/>\n<meta property=\"og:description\" content=\"Il 14 di agosto di un anno fa, vinto da un male incurabile, se ne andava Mario Gerometta, difensore del Paluzza negli anni 60 e 70. Se ne \u00e8 andato a 60 anni, troppo presto, certo, ma quei pochi anni che il destino gli ha riservato sono stati pi\u00f9 che sufficienti per lasciare nei ricordi [&hellip;]\" \/>\n<meta property=\"og:url\" content=\"https:\/\/2017.carnico.it\/blog\/2014\/08\/11\/gli-amici-ricordano-mario-gerometta\/\" \/>\n<meta property=\"og:site_name\" content=\"Campionato Carnico 2017\" \/>\n<meta property=\"article:publisher\" content=\"https:\/\/www.facebook.com\/campionatocarnico\/\" \/>\n<meta property=\"article:published_time\" content=\"2014-08-11T20:28:10+00:00\" \/>\n<meta property=\"article:modified_time\" content=\"2014-08-13T12:43:11+00:00\" \/>\n<meta property=\"og:image\" content=\"https:\/\/www.carnico.it\/blog\/wp-content\/uploads\/2014\/08\/stadio-050-300x173.jpg\" \/>\n<meta name=\"author\" content=\"Redazione\" \/>\n<meta name=\"twitter:card\" content=\"summary_large_image\" \/>\n<meta name=\"twitter:label1\" content=\"Scritto da\" \/>\n\t<meta name=\"twitter:data1\" content=\"Redazione\" \/>\n\t<meta name=\"twitter:label2\" content=\"Tempo di lettura stimato\" \/>\n\t<meta name=\"twitter:data2\" content=\"1 minuto\" \/>\n<script type=\"application\/ld+json\" class=\"yoast-schema-graph\">{\"@context\":\"https:\\\/\\\/schema.org\",\"@graph\":[{\"@type\":\"Article\",\"@id\":\"https:\\\/\\\/2017.carnico.it\\\/blog\\\/2014\\\/08\\\/11\\\/gli-amici-ricordano-mario-gerometta\\\/#article\",\"isPartOf\":{\"@id\":\"https:\\\/\\\/2017.carnico.it\\\/blog\\\/2014\\\/08\\\/11\\\/gli-amici-ricordano-mario-gerometta\\\/\"},\"author\":{\"name\":\"Redazione\",\"@id\":\"https:\\\/\\\/2017.carnico.it\\\/blog\\\/#\\\/schema\\\/person\\\/a68c764693d96df3238f123ea014e78c\"},\"headline\":\"GLI AMICI RICORDANO MARIO GEROMETTA\",\"datePublished\":\"2014-08-11T20:28:10+00:00\",\"dateModified\":\"2014-08-13T12:43:11+00:00\",\"mainEntityOfPage\":{\"@id\":\"https:\\\/\\\/2017.carnico.it\\\/blog\\\/2014\\\/08\\\/11\\\/gli-amici-ricordano-mario-gerometta\\\/\"},\"wordCount\":301,\"commentCount\":0,\"image\":{\"@id\":\"https:\\\/\\\/2017.carnico.it\\\/blog\\\/2014\\\/08\\\/11\\\/gli-amici-ricordano-mario-gerometta\\\/#primaryimage\"},\"thumbnailUrl\":\"https:\\\/\\\/www.carnico.it\\\/blog\\\/wp-content\\\/uploads\\\/2014\\\/08\\\/stadio-050-300x173.jpg\",\"articleSection\":[\"Carnico\",\"Varie\"],\"inLanguage\":\"it-IT\",\"potentialAction\":[{\"@type\":\"CommentAction\",\"name\":\"Comment\",\"target\":[\"https:\\\/\\\/2017.carnico.it\\\/blog\\\/2014\\\/08\\\/11\\\/gli-amici-ricordano-mario-gerometta\\\/#respond\"]}]},{\"@type\":\"WebPage\",\"@id\":\"https:\\\/\\\/2017.carnico.it\\\/blog\\\/2014\\\/08\\\/11\\\/gli-amici-ricordano-mario-gerometta\\\/\",\"url\":\"https:\\\/\\\/2017.carnico.it\\\/blog\\\/2014\\\/08\\\/11\\\/gli-amici-ricordano-mario-gerometta\\\/\",\"name\":\"GLI AMICI RICORDANO MARIO GEROMETTA - Campionato Carnico 2017\",\"isPartOf\":{\"@id\":\"https:\\\/\\\/2017.carnico.it\\\/blog\\\/#website\"},\"primaryImageOfPage\":{\"@id\":\"https:\\\/\\\/2017.carnico.it\\\/blog\\\/2014\\\/08\\\/11\\\/gli-amici-ricordano-mario-gerometta\\\/#primaryimage\"},\"image\":{\"@id\":\"https:\\\/\\\/2017.carnico.it\\\/blog\\\/2014\\\/08\\\/11\\\/gli-amici-ricordano-mario-gerometta\\\/#primaryimage\"},\"thumbnailUrl\":\"https:\\\/\\\/www.carnico.it\\\/blog\\\/wp-content\\\/uploads\\\/2014\\\/08\\\/stadio-050-300x173.jpg\",\"datePublished\":\"2014-08-11T20:28:10+00:00\",\"dateModified\":\"2014-08-13T12:43:11+00:00\",\"author\":{\"@id\":\"https:\\\/\\\/2017.carnico.it\\\/blog\\\/#\\\/schema\\\/person\\\/a68c764693d96df3238f123ea014e78c\"},\"breadcrumb\":{\"@id\":\"https:\\\/\\\/2017.carnico.it\\\/blog\\\/2014\\\/08\\\/11\\\/gli-amici-ricordano-mario-gerometta\\\/#breadcrumb\"},\"inLanguage\":\"it-IT\",\"potentialAction\":[{\"@type\":\"ReadAction\",\"target\":[\"https:\\\/\\\/2017.carnico.it\\\/blog\\\/2014\\\/08\\\/11\\\/gli-amici-ricordano-mario-gerometta\\\/\"]}]},{\"@type\":\"ImageObject\",\"inLanguage\":\"it-IT\",\"@id\":\"https:\\\/\\\/2017.carnico.it\\\/blog\\\/2014\\\/08\\\/11\\\/gli-amici-ricordano-mario-gerometta\\\/#primaryimage\",\"url\":\"https:\\\/\\\/www.carnico.it\\\/blog\\\/wp-content\\\/uploads\\\/2014\\\/08\\\/stadio-050-300x173.jpg\",\"contentUrl\":\"https:\\\/\\\/www.carnico.it\\\/blog\\\/wp-content\\\/uploads\\\/2014\\\/08\\\/stadio-050-300x173.jpg\"},{\"@type\":\"BreadcrumbList\",\"@id\":\"https:\\\/\\\/2017.carnico.it\\\/blog\\\/2014\\\/08\\\/11\\\/gli-amici-ricordano-mario-gerometta\\\/#breadcrumb\",\"itemListElement\":[{\"@type\":\"ListItem\",\"position\":1,\"name\":\"Home\",\"item\":\"https:\\\/\\\/2017.carnico.it\\\/blog\\\/\"},{\"@type\":\"ListItem\",\"position\":2,\"name\":\"GLI AMICI RICORDANO MARIO GEROMETTA\"}]},{\"@type\":\"WebSite\",\"@id\":\"https:\\\/\\\/2017.carnico.it\\\/blog\\\/#website\",\"url\":\"https:\\\/\\\/2017.carnico.it\\\/blog\\\/\",\"name\":\"Campionato Carnico 2017\",\"description\":\"Notizie e aggiornamenti in tempo reale sul campionato Carnico\",\"potentialAction\":[{\"@type\":\"SearchAction\",\"target\":{\"@type\":\"EntryPoint\",\"urlTemplate\":\"https:\\\/\\\/2017.carnico.it\\\/blog\\\/?s={search_term_string}\"},\"query-input\":{\"@type\":\"PropertyValueSpecification\",\"valueRequired\":true,\"valueName\":\"search_term_string\"}}],\"inLanguage\":\"it-IT\"},{\"@type\":\"Person\",\"@id\":\"https:\\\/\\\/2017.carnico.it\\\/blog\\\/#\\\/schema\\\/person\\\/a68c764693d96df3238f123ea014e78c\",\"name\":\"Redazione\",\"image\":{\"@type\":\"ImageObject\",\"inLanguage\":\"it-IT\",\"@id\":\"https:\\\/\\\/secure.gravatar.com\\\/avatar\\\/6c05bd4dddbea475e283f76b4aa2d778ecb35c06fd92df5f6e0cac552163e2ac?s=96&d=mm&r=g\",\"url\":\"https:\\\/\\\/secure.gravatar.com\\\/avatar\\\/6c05bd4dddbea475e283f76b4aa2d778ecb35c06fd92df5f6e0cac552163e2ac?s=96&d=mm&r=g\",\"contentUrl\":\"https:\\\/\\\/secure.gravatar.com\\\/avatar\\\/6c05bd4dddbea475e283f76b4aa2d778ecb35c06fd92df5f6e0cac552163e2ac?s=96&d=mm&r=g\",\"caption\":\"Redazione\"},\"url\":\"https:\\\/\\\/2017.carnico.it\\\/blog\\\/author\\\/clyco-admin\\\/\"}]}<\/script>\n<!-- \/ Yoast SEO plugin. -->","yoast_head_json":{"title":"GLI AMICI RICORDANO MARIO GEROMETTA - Campionato Carnico 2017","robots":{"index":"index","follow":"follow","max-snippet":"max-snippet:-1","max-image-preview":"max-image-preview:large","max-video-preview":"max-video-preview:-1"},"canonical":"https:\/\/2017.carnico.it\/blog\/2014\/08\/11\/gli-amici-ricordano-mario-gerometta\/","og_locale":"it_IT","og_type":"article","og_title":"GLI AMICI RICORDANO MARIO GEROMETTA - Campionato Carnico 2017","og_description":"Il 14 di agosto di un anno fa, vinto da un male incurabile, se ne andava Mario Gerometta, difensore del Paluzza negli anni 60 e 70. Se ne \u00e8 andato a 60 anni, troppo presto, certo, ma quei pochi anni che il destino gli ha riservato sono stati pi\u00f9 che sufficienti per lasciare nei ricordi [&hellip;]","og_url":"https:\/\/2017.carnico.it\/blog\/2014\/08\/11\/gli-amici-ricordano-mario-gerometta\/","og_site_name":"Campionato Carnico 2017","article_publisher":"https:\/\/www.facebook.com\/campionatocarnico\/","article_published_time":"2014-08-11T20:28:10+00:00","article_modified_time":"2014-08-13T12:43:11+00:00","og_image":[{"url":"https:\/\/www.carnico.it\/blog\/wp-content\/uploads\/2014\/08\/stadio-050-300x173.jpg","type":"","width":"","height":""}],"author":"Redazione","twitter_card":"summary_large_image","twitter_misc":{"Scritto da":"Redazione","Tempo di lettura stimato":"1 minuto"},"schema":{"@context":"https:\/\/schema.org","@graph":[{"@type":"Article","@id":"https:\/\/2017.carnico.it\/blog\/2014\/08\/11\/gli-amici-ricordano-mario-gerometta\/#article","isPartOf":{"@id":"https:\/\/2017.carnico.it\/blog\/2014\/08\/11\/gli-amici-ricordano-mario-gerometta\/"},"author":{"name":"Redazione","@id":"https:\/\/2017.carnico.it\/blog\/#\/schema\/person\/a68c764693d96df3238f123ea014e78c"},"headline":"GLI AMICI RICORDANO MARIO GEROMETTA","datePublished":"2014-08-11T20:28:10+00:00","dateModified":"2014-08-13T12:43:11+00:00","mainEntityOfPage":{"@id":"https:\/\/2017.carnico.it\/blog\/2014\/08\/11\/gli-amici-ricordano-mario-gerometta\/"},"wordCount":301,"commentCount":0,"image":{"@id":"https:\/\/2017.carnico.it\/blog\/2014\/08\/11\/gli-amici-ricordano-mario-gerometta\/#primaryimage"},"thumbnailUrl":"https:\/\/www.carnico.it\/blog\/wp-content\/uploads\/2014\/08\/stadio-050-300x173.jpg","articleSection":["Carnico","Varie"],"inLanguage":"it-IT","potentialAction":[{"@type":"CommentAction","name":"Comment","target":["https:\/\/2017.carnico.it\/blog\/2014\/08\/11\/gli-amici-ricordano-mario-gerometta\/#respond"]}]},{"@type":"WebPage","@id":"https:\/\/2017.carnico.it\/blog\/2014\/08\/11\/gli-amici-ricordano-mario-gerometta\/","url":"https:\/\/2017.carnico.it\/blog\/2014\/08\/11\/gli-amici-ricordano-mario-gerometta\/","name":"GLI AMICI RICORDANO MARIO GEROMETTA - Campionato Carnico 2017","isPartOf":{"@id":"https:\/\/2017.carnico.it\/blog\/#website"},"primaryImageOfPage":{"@id":"https:\/\/2017.carnico.it\/blog\/2014\/08\/11\/gli-amici-ricordano-mario-gerometta\/#primaryimage"},"image":{"@id":"https:\/\/2017.carnico.it\/blog\/2014\/08\/11\/gli-amici-ricordano-mario-gerometta\/#primaryimage"},"thumbnailUrl":"https:\/\/www.carnico.it\/blog\/wp-content\/uploads\/2014\/08\/stadio-050-300x173.jpg","datePublished":"2014-08-11T20:28:10+00:00","dateModified":"2014-08-13T12:43:11+00:00","author":{"@id":"https:\/\/2017.carnico.it\/blog\/#\/schema\/person\/a68c764693d96df3238f123ea014e78c"},"breadcrumb":{"@id":"https:\/\/2017.carnico.it\/blog\/2014\/08\/11\/gli-amici-ricordano-mario-gerometta\/#breadcrumb"},"inLanguage":"it-IT","potentialAction":[{"@type":"ReadAction","target":["https:\/\/2017.carnico.it\/blog\/2014\/08\/11\/gli-amici-ricordano-mario-gerometta\/"]}]},{"@type":"ImageObject","inLanguage":"it-IT","@id":"https:\/\/2017.carnico.it\/blog\/2014\/08\/11\/gli-amici-ricordano-mario-gerometta\/#primaryimage","url":"https:\/\/www.carnico.it\/blog\/wp-content\/uploads\/2014\/08\/stadio-050-300x173.jpg","contentUrl":"https:\/\/www.carnico.it\/blog\/wp-content\/uploads\/2014\/08\/stadio-050-300x173.jpg"},{"@type":"BreadcrumbList","@id":"https:\/\/2017.carnico.it\/blog\/2014\/08\/11\/gli-amici-ricordano-mario-gerometta\/#breadcrumb","itemListElement":[{"@type":"ListItem","position":1,"name":"Home","item":"https:\/\/2017.carnico.it\/blog\/"},{"@type":"ListItem","position":2,"name":"GLI AMICI RICORDANO MARIO GEROMETTA"}]},{"@type":"WebSite","@id":"https:\/\/2017.carnico.it\/blog\/#website","url":"https:\/\/2017.carnico.it\/blog\/","name":"Campionato Carnico 2017","description":"Notizie e aggiornamenti in tempo reale sul campionato Carnico","potentialAction":[{"@type":"SearchAction","target":{"@type":"EntryPoint","urlTemplate":"https:\/\/2017.carnico.it\/blog\/?s={search_term_string}"},"query-input":{"@type":"PropertyValueSpecification","valueRequired":true,"valueName":"search_term_string"}}],"inLanguage":"it-IT"},{"@type":"Person","@id":"https:\/\/2017.carnico.it\/blog\/#\/schema\/person\/a68c764693d96df3238f123ea014e78c","name":"Redazione","image":{"@type":"ImageObject","inLanguage":"it-IT","@id":"https:\/\/secure.gravatar.com\/avatar\/6c05bd4dddbea475e283f76b4aa2d778ecb35c06fd92df5f6e0cac552163e2ac?s=96&d=mm&r=g","url":"https:\/\/secure.gravatar.com\/avatar\/6c05bd4dddbea475e283f76b4aa2d778ecb35c06fd92df5f6e0cac552163e2ac?s=96&d=mm&r=g","contentUrl":"https:\/\/secure.gravatar.com\/avatar\/6c05bd4dddbea475e283f76b4aa2d778ecb35c06fd92df5f6e0cac552163e2ac?s=96&d=mm&r=g","caption":"Redazione"},"url":"https:\/\/2017.carnico.it\/blog\/author\/clyco-admin\/"}]}},"_links":{"self":[{"href":"https:\/\/2017.carnico.it\/blog\/wp-json\/wp\/v2\/posts\/10834","targetHints":{"allow":["GET"]}}],"collection":[{"href":"https:\/\/2017.carnico.it\/blog\/wp-json\/wp\/v2\/posts"}],"about":[{"href":"https:\/\/2017.carnico.it\/blog\/wp-json\/wp\/v2\/types\/post"}],"author":[{"embeddable":true,"href":"https:\/\/2017.carnico.it\/blog\/wp-json\/wp\/v2\/users\/10"}],"replies":[{"embeddable":true,"href":"https:\/\/2017.carnico.it\/blog\/wp-json\/wp\/v2\/comments?post=10834"}],"version-history":[{"count":5,"href":"https:\/\/2017.carnico.it\/blog\/wp-json\/wp\/v2\/posts\/10834\/revisions"}],"predecessor-version":[{"id":10854,"href":"https:\/\/2017.carnico.it\/blog\/wp-json\/wp\/v2\/posts\/10834\/revisions\/10854"}],"wp:attachment":[{"href":"https:\/\/2017.carnico.it\/blog\/wp-json\/wp\/v2\/media?parent=10834"}],"wp:term":[{"taxonomy":"category","embeddable":true,"href":"https:\/\/2017.carnico.it\/blog\/wp-json\/wp\/v2\/categories?post=10834"},{"taxonomy":"post_tag","embeddable":true,"href":"https:\/\/2017.carnico.it\/blog\/wp-json\/wp\/v2\/tags?post=10834"}],"curies":[{"name":"wp","href":"https:\/\/api.w.org\/{rel}","templated":true}]}}