{"id":10683,"date":"2014-07-22T18:30:02","date_gmt":"2014-07-22T16:30:02","guid":{"rendered":"http:\/\/www.carnico.it\/blog\/?p=10683"},"modified":"2014-07-22T18:30:15","modified_gmt":"2014-07-22T16:30:15","slug":"a-lezione-da-stramaccioni","status":"publish","type":"post","link":"https:\/\/2017.carnico.it\/blog\/2014\/07\/22\/a-lezione-da-stramaccioni\/","title":{"rendered":"A LEZIONE DA STRAMACCIONI"},"content":{"rendered":"<div id=\"attachment_10686\" style=\"width: 265px\" class=\"wp-caption alignleft\"><a href=\"https:\/\/www.carnico.it\/blog\/2014\/07\/21\/a-lezione-da-stramaccioni\/stramaccioni-630x354\/\" rel=\"attachment wp-att-10686\"><img loading=\"lazy\" decoding=\"async\" aria-describedby=\"caption-attachment-10686\" class=\" wp-image-10686\" src=\"https:\/\/www.carnico.it\/blog\/wp-content\/uploads\/2014\/07\/stramaccioni-630x354-300x168.jpg\" alt=\"Andrea Stramaccioni\" width=\"255\" height=\"143\" srcset=\"https:\/\/2017.carnico.it\/blog\/wp-content\/uploads\/2014\/07\/stramaccioni-630x354-300x168.jpg 300w, https:\/\/2017.carnico.it\/blog\/wp-content\/uploads\/2014\/07\/stramaccioni-630x354-450x252.jpg 450w, https:\/\/2017.carnico.it\/blog\/wp-content\/uploads\/2014\/07\/stramaccioni-630x354.jpg 630w\" sizes=\"auto, (max-width: 255px) 100vw, 255px\" \/><\/a><p id=\"caption-attachment-10686\" class=\"wp-caption-text\">Andrea Stramaccioni<\/p><\/div>\n<p>L\u2019Associazione Italiana Allenatori Calcio &#8211; sezione Carnia &#8211; organizza un incontro di aggiornamento che si svolger\u00e0 ad Arta Terme (UD) presso la sala riunioni dell&#8217; Albergo &#8220;Savoia&#8221; il giorno mercoled\u00ec 23 luglio 2014 alle ore 20.30. Argomento della serata sar\u00e0 \u201cLa difesa a tre\u201d, con un relatore d\u2019eccezione: Andrea Stramaccioni, allenatore dell\u2019Udinese. <!--more-->Un\u2019occasione da non perdere, nonostante la collocazione dell\u2019evento avvenga in una serata solitamente dedicata alle sedute di allenamento. Gli impegni della squadra bianconera non permettevano per\u00f2 altre date. Data l\u2019importanza dell\u2019iniziativa ed il prestigio del relatore ci si augura una presenza massiccia, anche in considerazione del fatto che<strong> l&#8217;incontro \u00e8 aperto a tutti.<\/strong> Eventuali domande o argomenti di discussione dovranno essere attinenti esclusivamente al tema trattato.<\/p>\n","protected":false},"excerpt":{"rendered":"<p>L\u2019Associazione Italiana Allenatori Calcio &#8211; sezione Carnia &#8211; organizza un incontro di aggiornamento che si svolger\u00e0 ad Arta Terme (UD) presso la sala riunioni dell&#8217; Albergo &#8220;Savoia&#8221; il giorno mercoled\u00ec 23 luglio 2014 alle ore 20.30. Argomento della serata sar\u00e0 \u201cLa difesa a tre\u201d, con un relatore d\u2019eccezione: Andrea Stramaccioni, allenatore dell\u2019Udinese.<\/p>\n","protected":false},"author":10,"featured_media":0,"comment_status":"open","ping_status":"closed","sticky":false,"template":"","format":"standard","meta":{"footnotes":""},"categories":[3,5],"tags":[],"class_list":["post-10683","post","type-post","status-publish","format-standard","hentry","category-carnico","category-varie"],"yoast_head":"<!-- This site is optimized with the Yoast SEO plugin v27.3 - https:\/\/yoast.com\/product\/yoast-seo-wordpress\/ -->\n<title>A LEZIONE DA STRAMACCIONI - Campionato Carnico 2017<\/title>\n<meta name=\"robots\" content=\"index, follow, max-snippet:-1, max-image-preview:large, max-video-preview:-1\" \/>\n<link rel=\"canonical\" href=\"https:\/\/2017.carnico.it\/blog\/2014\/07\/22\/a-lezione-da-stramaccioni\/\" \/>\n<meta property=\"og:locale\" content=\"it_IT\" \/>\n<meta property=\"og:type\" content=\"article\" \/>\n<meta property=\"og:title\" content=\"A LEZIONE DA STRAMACCIONI - Campionato Carnico 2017\" \/>\n<meta property=\"og:description\" content=\"L\u2019Associazione Italiana Allenatori Calcio &#8211; sezione Carnia &#8211; organizza un incontro di aggiornamento che si svolger\u00e0 ad Arta Terme (UD) presso la sala riunioni dell&#8217; Albergo &#8220;Savoia&#8221; il giorno mercoled\u00ec 23 luglio 2014 alle ore 20.30. Argomento della serata sar\u00e0 \u201cLa difesa a tre\u201d, con un relatore d\u2019eccezione: Andrea Stramaccioni, allenatore dell\u2019Udinese.\" \/>\n<meta property=\"og:url\" content=\"https:\/\/2017.carnico.it\/blog\/2014\/07\/22\/a-lezione-da-stramaccioni\/\" \/>\n<meta property=\"og:site_name\" content=\"Campionato Carnico 2017\" \/>\n<meta property=\"article:publisher\" content=\"https:\/\/www.facebook.com\/campionatocarnico\/\" \/>\n<meta property=\"article:published_time\" content=\"2014-07-22T16:30:02+00:00\" \/>\n<meta property=\"article:modified_time\" content=\"2014-07-22T16:30:15+00:00\" \/>\n<meta property=\"og:image\" content=\"https:\/\/www.carnico.it\/blog\/wp-content\/uploads\/2014\/07\/stramaccioni-630x354-300x168.jpg\" \/>\n<meta name=\"author\" content=\"Redazione\" \/>\n<meta name=\"twitter:card\" content=\"summary_large_image\" \/>\n<meta name=\"twitter:label1\" content=\"Scritto da\" \/>\n\t<meta name=\"twitter:data1\" content=\"Redazione\" \/>\n\t<meta name=\"twitter:label2\" content=\"Tempo di lettura stimato\" \/>\n\t<meta name=\"twitter:data2\" content=\"1 minuto\" \/>\n<script type=\"application\/ld+json\" class=\"yoast-schema-graph\">{\"@context\":\"https:\\\/\\\/schema.org\",\"@graph\":[{\"@type\":\"Article\",\"@id\":\"https:\\\/\\\/2017.carnico.it\\\/blog\\\/2014\\\/07\\\/22\\\/a-lezione-da-stramaccioni\\\/#article\",\"isPartOf\":{\"@id\":\"https:\\\/\\\/2017.carnico.it\\\/blog\\\/2014\\\/07\\\/22\\\/a-lezione-da-stramaccioni\\\/\"},\"author\":{\"name\":\"Redazione\",\"@id\":\"https:\\\/\\\/2017.carnico.it\\\/blog\\\/#\\\/schema\\\/person\\\/a68c764693d96df3238f123ea014e78c\"},\"headline\":\"A LEZIONE DA STRAMACCIONI\",\"datePublished\":\"2014-07-22T16:30:02+00:00\",\"dateModified\":\"2014-07-22T16:30:15+00:00\",\"mainEntityOfPage\":{\"@id\":\"https:\\\/\\\/2017.carnico.it\\\/blog\\\/2014\\\/07\\\/22\\\/a-lezione-da-stramaccioni\\\/\"},\"wordCount\":135,\"commentCount\":5,\"image\":{\"@id\":\"https:\\\/\\\/2017.carnico.it\\\/blog\\\/2014\\\/07\\\/22\\\/a-lezione-da-stramaccioni\\\/#primaryimage\"},\"thumbnailUrl\":\"https:\\\/\\\/www.carnico.it\\\/blog\\\/wp-content\\\/uploads\\\/2014\\\/07\\\/stramaccioni-630x354-300x168.jpg\",\"articleSection\":[\"Carnico\",\"Varie\"],\"inLanguage\":\"it-IT\",\"potentialAction\":[{\"@type\":\"CommentAction\",\"name\":\"Comment\",\"target\":[\"https:\\\/\\\/2017.carnico.it\\\/blog\\\/2014\\\/07\\\/22\\\/a-lezione-da-stramaccioni\\\/#respond\"]}]},{\"@type\":\"WebPage\",\"@id\":\"https:\\\/\\\/2017.carnico.it\\\/blog\\\/2014\\\/07\\\/22\\\/a-lezione-da-stramaccioni\\\/\",\"url\":\"https:\\\/\\\/2017.carnico.it\\\/blog\\\/2014\\\/07\\\/22\\\/a-lezione-da-stramaccioni\\\/\",\"name\":\"A LEZIONE DA STRAMACCIONI - Campionato Carnico 2017\",\"isPartOf\":{\"@id\":\"https:\\\/\\\/2017.carnico.it\\\/blog\\\/#website\"},\"primaryImageOfPage\":{\"@id\":\"https:\\\/\\\/2017.carnico.it\\\/blog\\\/2014\\\/07\\\/22\\\/a-lezione-da-stramaccioni\\\/#primaryimage\"},\"image\":{\"@id\":\"https:\\\/\\\/2017.carnico.it\\\/blog\\\/2014\\\/07\\\/22\\\/a-lezione-da-stramaccioni\\\/#primaryimage\"},\"thumbnailUrl\":\"https:\\\/\\\/www.carnico.it\\\/blog\\\/wp-content\\\/uploads\\\/2014\\\/07\\\/stramaccioni-630x354-300x168.jpg\",\"datePublished\":\"2014-07-22T16:30:02+00:00\",\"dateModified\":\"2014-07-22T16:30:15+00:00\",\"author\":{\"@id\":\"https:\\\/\\\/2017.carnico.it\\\/blog\\\/#\\\/schema\\\/person\\\/a68c764693d96df3238f123ea014e78c\"},\"breadcrumb\":{\"@id\":\"https:\\\/\\\/2017.carnico.it\\\/blog\\\/2014\\\/07\\\/22\\\/a-lezione-da-stramaccioni\\\/#breadcrumb\"},\"inLanguage\":\"it-IT\",\"potentialAction\":[{\"@type\":\"ReadAction\",\"target\":[\"https:\\\/\\\/2017.carnico.it\\\/blog\\\/2014\\\/07\\\/22\\\/a-lezione-da-stramaccioni\\\/\"]}]},{\"@type\":\"ImageObject\",\"inLanguage\":\"it-IT\",\"@id\":\"https:\\\/\\\/2017.carnico.it\\\/blog\\\/2014\\\/07\\\/22\\\/a-lezione-da-stramaccioni\\\/#primaryimage\",\"url\":\"https:\\\/\\\/www.carnico.it\\\/blog\\\/wp-content\\\/uploads\\\/2014\\\/07\\\/stramaccioni-630x354-300x168.jpg\",\"contentUrl\":\"https:\\\/\\\/www.carnico.it\\\/blog\\\/wp-content\\\/uploads\\\/2014\\\/07\\\/stramaccioni-630x354-300x168.jpg\"},{\"@type\":\"BreadcrumbList\",\"@id\":\"https:\\\/\\\/2017.carnico.it\\\/blog\\\/2014\\\/07\\\/22\\\/a-lezione-da-stramaccioni\\\/#breadcrumb\",\"itemListElement\":[{\"@type\":\"ListItem\",\"position\":1,\"name\":\"Home\",\"item\":\"https:\\\/\\\/2017.carnico.it\\\/blog\\\/\"},{\"@type\":\"ListItem\",\"position\":2,\"name\":\"A LEZIONE DA STRAMACCIONI\"}]},{\"@type\":\"WebSite\",\"@id\":\"https:\\\/\\\/2017.carnico.it\\\/blog\\\/#website\",\"url\":\"https:\\\/\\\/2017.carnico.it\\\/blog\\\/\",\"name\":\"Campionato Carnico 2017\",\"description\":\"Notizie e aggiornamenti in tempo reale sul campionato Carnico\",\"potentialAction\":[{\"@type\":\"SearchAction\",\"target\":{\"@type\":\"EntryPoint\",\"urlTemplate\":\"https:\\\/\\\/2017.carnico.it\\\/blog\\\/?s={search_term_string}\"},\"query-input\":{\"@type\":\"PropertyValueSpecification\",\"valueRequired\":true,\"valueName\":\"search_term_string\"}}],\"inLanguage\":\"it-IT\"},{\"@type\":\"Person\",\"@id\":\"https:\\\/\\\/2017.carnico.it\\\/blog\\\/#\\\/schema\\\/person\\\/a68c764693d96df3238f123ea014e78c\",\"name\":\"Redazione\",\"image\":{\"@type\":\"ImageObject\",\"inLanguage\":\"it-IT\",\"@id\":\"https:\\\/\\\/secure.gravatar.com\\\/avatar\\\/6c05bd4dddbea475e283f76b4aa2d778ecb35c06fd92df5f6e0cac552163e2ac?s=96&d=mm&r=g\",\"url\":\"https:\\\/\\\/secure.gravatar.com\\\/avatar\\\/6c05bd4dddbea475e283f76b4aa2d778ecb35c06fd92df5f6e0cac552163e2ac?s=96&d=mm&r=g\",\"contentUrl\":\"https:\\\/\\\/secure.gravatar.com\\\/avatar\\\/6c05bd4dddbea475e283f76b4aa2d778ecb35c06fd92df5f6e0cac552163e2ac?s=96&d=mm&r=g\",\"caption\":\"Redazione\"},\"url\":\"https:\\\/\\\/2017.carnico.it\\\/blog\\\/author\\\/clyco-admin\\\/\"}]}<\/script>\n<!-- \/ Yoast SEO plugin. -->","yoast_head_json":{"title":"A LEZIONE DA STRAMACCIONI - Campionato Carnico 2017","robots":{"index":"index","follow":"follow","max-snippet":"max-snippet:-1","max-image-preview":"max-image-preview:large","max-video-preview":"max-video-preview:-1"},"canonical":"https:\/\/2017.carnico.it\/blog\/2014\/07\/22\/a-lezione-da-stramaccioni\/","og_locale":"it_IT","og_type":"article","og_title":"A LEZIONE DA STRAMACCIONI - Campionato Carnico 2017","og_description":"L\u2019Associazione Italiana Allenatori Calcio &#8211; sezione Carnia &#8211; organizza un incontro di aggiornamento che si svolger\u00e0 ad Arta Terme (UD) presso la sala riunioni dell&#8217; Albergo &#8220;Savoia&#8221; il giorno mercoled\u00ec 23 luglio 2014 alle ore 20.30. Argomento della serata sar\u00e0 \u201cLa difesa a tre\u201d, con un relatore d\u2019eccezione: Andrea Stramaccioni, allenatore dell\u2019Udinese.","og_url":"https:\/\/2017.carnico.it\/blog\/2014\/07\/22\/a-lezione-da-stramaccioni\/","og_site_name":"Campionato Carnico 2017","article_publisher":"https:\/\/www.facebook.com\/campionatocarnico\/","article_published_time":"2014-07-22T16:30:02+00:00","article_modified_time":"2014-07-22T16:30:15+00:00","og_image":[{"url":"https:\/\/www.carnico.it\/blog\/wp-content\/uploads\/2014\/07\/stramaccioni-630x354-300x168.jpg","type":"","width":"","height":""}],"author":"Redazione","twitter_card":"summary_large_image","twitter_misc":{"Scritto da":"Redazione","Tempo di lettura stimato":"1 minuto"},"schema":{"@context":"https:\/\/schema.org","@graph":[{"@type":"Article","@id":"https:\/\/2017.carnico.it\/blog\/2014\/07\/22\/a-lezione-da-stramaccioni\/#article","isPartOf":{"@id":"https:\/\/2017.carnico.it\/blog\/2014\/07\/22\/a-lezione-da-stramaccioni\/"},"author":{"name":"Redazione","@id":"https:\/\/2017.carnico.it\/blog\/#\/schema\/person\/a68c764693d96df3238f123ea014e78c"},"headline":"A LEZIONE DA STRAMACCIONI","datePublished":"2014-07-22T16:30:02+00:00","dateModified":"2014-07-22T16:30:15+00:00","mainEntityOfPage":{"@id":"https:\/\/2017.carnico.it\/blog\/2014\/07\/22\/a-lezione-da-stramaccioni\/"},"wordCount":135,"commentCount":5,"image":{"@id":"https:\/\/2017.carnico.it\/blog\/2014\/07\/22\/a-lezione-da-stramaccioni\/#primaryimage"},"thumbnailUrl":"https:\/\/www.carnico.it\/blog\/wp-content\/uploads\/2014\/07\/stramaccioni-630x354-300x168.jpg","articleSection":["Carnico","Varie"],"inLanguage":"it-IT","potentialAction":[{"@type":"CommentAction","name":"Comment","target":["https:\/\/2017.carnico.it\/blog\/2014\/07\/22\/a-lezione-da-stramaccioni\/#respond"]}]},{"@type":"WebPage","@id":"https:\/\/2017.carnico.it\/blog\/2014\/07\/22\/a-lezione-da-stramaccioni\/","url":"https:\/\/2017.carnico.it\/blog\/2014\/07\/22\/a-lezione-da-stramaccioni\/","name":"A LEZIONE DA STRAMACCIONI - Campionato Carnico 2017","isPartOf":{"@id":"https:\/\/2017.carnico.it\/blog\/#website"},"primaryImageOfPage":{"@id":"https:\/\/2017.carnico.it\/blog\/2014\/07\/22\/a-lezione-da-stramaccioni\/#primaryimage"},"image":{"@id":"https:\/\/2017.carnico.it\/blog\/2014\/07\/22\/a-lezione-da-stramaccioni\/#primaryimage"},"thumbnailUrl":"https:\/\/www.carnico.it\/blog\/wp-content\/uploads\/2014\/07\/stramaccioni-630x354-300x168.jpg","datePublished":"2014-07-22T16:30:02+00:00","dateModified":"2014-07-22T16:30:15+00:00","author":{"@id":"https:\/\/2017.carnico.it\/blog\/#\/schema\/person\/a68c764693d96df3238f123ea014e78c"},"breadcrumb":{"@id":"https:\/\/2017.carnico.it\/blog\/2014\/07\/22\/a-lezione-da-stramaccioni\/#breadcrumb"},"inLanguage":"it-IT","potentialAction":[{"@type":"ReadAction","target":["https:\/\/2017.carnico.it\/blog\/2014\/07\/22\/a-lezione-da-stramaccioni\/"]}]},{"@type":"ImageObject","inLanguage":"it-IT","@id":"https:\/\/2017.carnico.it\/blog\/2014\/07\/22\/a-lezione-da-stramaccioni\/#primaryimage","url":"https:\/\/www.carnico.it\/blog\/wp-content\/uploads\/2014\/07\/stramaccioni-630x354-300x168.jpg","contentUrl":"https:\/\/www.carnico.it\/blog\/wp-content\/uploads\/2014\/07\/stramaccioni-630x354-300x168.jpg"},{"@type":"BreadcrumbList","@id":"https:\/\/2017.carnico.it\/blog\/2014\/07\/22\/a-lezione-da-stramaccioni\/#breadcrumb","itemListElement":[{"@type":"ListItem","position":1,"name":"Home","item":"https:\/\/2017.carnico.it\/blog\/"},{"@type":"ListItem","position":2,"name":"A LEZIONE DA STRAMACCIONI"}]},{"@type":"WebSite","@id":"https:\/\/2017.carnico.it\/blog\/#website","url":"https:\/\/2017.carnico.it\/blog\/","name":"Campionato Carnico 2017","description":"Notizie e aggiornamenti in tempo reale sul campionato Carnico","potentialAction":[{"@type":"SearchAction","target":{"@type":"EntryPoint","urlTemplate":"https:\/\/2017.carnico.it\/blog\/?s={search_term_string}"},"query-input":{"@type":"PropertyValueSpecification","valueRequired":true,"valueName":"search_term_string"}}],"inLanguage":"it-IT"},{"@type":"Person","@id":"https:\/\/2017.carnico.it\/blog\/#\/schema\/person\/a68c764693d96df3238f123ea014e78c","name":"Redazione","image":{"@type":"ImageObject","inLanguage":"it-IT","@id":"https:\/\/secure.gravatar.com\/avatar\/6c05bd4dddbea475e283f76b4aa2d778ecb35c06fd92df5f6e0cac552163e2ac?s=96&d=mm&r=g","url":"https:\/\/secure.gravatar.com\/avatar\/6c05bd4dddbea475e283f76b4aa2d778ecb35c06fd92df5f6e0cac552163e2ac?s=96&d=mm&r=g","contentUrl":"https:\/\/secure.gravatar.com\/avatar\/6c05bd4dddbea475e283f76b4aa2d778ecb35c06fd92df5f6e0cac552163e2ac?s=96&d=mm&r=g","caption":"Redazione"},"url":"https:\/\/2017.carnico.it\/blog\/author\/clyco-admin\/"}]}},"_links":{"self":[{"href":"https:\/\/2017.carnico.it\/blog\/wp-json\/wp\/v2\/posts\/10683","targetHints":{"allow":["GET"]}}],"collection":[{"href":"https:\/\/2017.carnico.it\/blog\/wp-json\/wp\/v2\/posts"}],"about":[{"href":"https:\/\/2017.carnico.it\/blog\/wp-json\/wp\/v2\/types\/post"}],"author":[{"embeddable":true,"href":"https:\/\/2017.carnico.it\/blog\/wp-json\/wp\/v2\/users\/10"}],"replies":[{"embeddable":true,"href":"https:\/\/2017.carnico.it\/blog\/wp-json\/wp\/v2\/comments?post=10683"}],"version-history":[{"count":5,"href":"https:\/\/2017.carnico.it\/blog\/wp-json\/wp\/v2\/posts\/10683\/revisions"}],"predecessor-version":[{"id":10709,"href":"https:\/\/2017.carnico.it\/blog\/wp-json\/wp\/v2\/posts\/10683\/revisions\/10709"}],"wp:attachment":[{"href":"https:\/\/2017.carnico.it\/blog\/wp-json\/wp\/v2\/media?parent=10683"}],"wp:term":[{"taxonomy":"category","embeddable":true,"href":"https:\/\/2017.carnico.it\/blog\/wp-json\/wp\/v2\/categories?post=10683"},{"taxonomy":"post_tag","embeddable":true,"href":"https:\/\/2017.carnico.it\/blog\/wp-json\/wp\/v2\/tags?post=10683"}],"curies":[{"name":"wp","href":"https:\/\/api.w.org\/{rel}","templated":true}]}}