{"id":10677,"date":"2014-07-20T23:50:59","date_gmt":"2014-07-20T21:50:59","guid":{"rendered":"http:\/\/www.carnico.it\/blog\/?p=10677"},"modified":"2014-07-20T23:51:14","modified_gmt":"2014-07-20T21:51:14","slug":"i-fatti-della-giornata-69","status":"publish","type":"post","link":"https:\/\/2017.carnico.it\/blog\/2014\/07\/20\/i-fatti-della-giornata-69\/","title":{"rendered":"I FATTI DELLA GIORNATA"},"content":{"rendered":"<div id=\"attachment_10678\" style=\"width: 148px\" class=\"wp-caption alignleft\"><a href=\"https:\/\/www.carnico.it\/blog\/2014\/07\/20\/i-fatti-della-giornata-69\/michel-salzano\/\" rel=\"attachment wp-att-10678\"><img loading=\"lazy\" decoding=\"async\" aria-describedby=\"caption-attachment-10678\" class=\"size-full wp-image-10678\" src=\"https:\/\/www.carnico.it\/blog\/wp-content\/uploads\/2014\/07\/Michel-Salzano.jpg\" alt=\"Michel Salzano firma il successo timavese a Forni Avoltri.\" width=\"138\" height=\"184\" \/><\/a><p id=\"caption-attachment-10678\" class=\"wp-caption-text\">Michel Salzano firma il successo timavese a Forni Avoltri.<\/p><\/div>\n<p>Dopo la prima giornata del girone di ritorno, sarebbe interessante capire le previsioni degli appassionati in merito alle tre categorie, prendendo a presupposto i risultati della giornata.<br \/>\n<strong>PRIMA CATEGORIA<\/strong><br \/>\nIl ritorno ad una vittoria rotonda dopo i due pareggi consecutivi significa che il Cedarchis ha ripreso a volare. Al suo inseguimento sono rimaste solo il Cavazzo e l\u2019Ovarese. Quali prospettive potranno avere le due squadre (staccate di 8 punti) ed oltretutto alle prese con le semifinali di Coppa?<!--more--> La lotta salvezza, invece, sembra un affare per cinque squadre: dai 16 punti dell\u2019Arta, si passa ai 14 della Pontebbana, ai 9 del Paluzza per concludere ai 7 di Trasaghis e Moggese: le ultime tre hanno effettive possibilit\u00e0 di recupero?<br \/>\n<strong>SECONDA CATEGORIA<\/strong><br \/>\nPur riposando, il Campagnola ha mantenuto la vetta, ma \u00e8 stato avvicinato dall\u2019Audax. Vincendo anche Sappada e Velox si sono iscritte al \u201ctorneo promozione\u201d che vede in lizza naturalmente anche Edera e Castello. Chia ha le carte pi\u00f9 in regola per arrivare tra le prime due? In coda, appare quasi disperata la posizione del Cercivento (che comunque se la gioca sempre sino alla fine ed ha quasi sempre perso di misura). Il discorso per\u00f2 si ampia sino a La Delizia che a quota 18 \u00e8 tranquilla ma non tranquillissima, anche se dietro di s\u00e9 ha ben 5 squadre oltre al Cercivento. Chi rischia di pi\u00f9?<br \/>\n<strong>TERZA CATEGORIA<\/strong><br \/>\nLa frenata, in vetta, accorcia il vertice: i pareggi di Amaro, Verzegnis e Tarvisio lanciano il Lauco vittorioso in casa della Stella Azzurra. Saranno queste le squadre che si giocheranno la promozione o pu\u00f2 avere speranza anche il Tiamaucleulis?<\/p>\n","protected":false},"excerpt":{"rendered":"<p>Dopo la prima giornata del girone di ritorno, sarebbe interessante capire le previsioni degli appassionati in merito alle tre categorie, prendendo a presupposto i risultati della giornata. PRIMA CATEGORIA Il ritorno ad una vittoria rotonda dopo i due pareggi consecutivi significa che il Cedarchis ha ripreso a volare. Al suo inseguimento sono rimaste solo il [&hellip;]<\/p>\n","protected":false},"author":10,"featured_media":0,"comment_status":"open","ping_status":"closed","sticky":false,"template":"","format":"standard","meta":{"footnotes":""},"categories":[3,1],"tags":[],"class_list":["post-10677","post","type-post","status-publish","format-standard","hentry","category-carnico","category-commento-campionato"],"yoast_head":"<!-- This site is optimized with the Yoast SEO plugin v27.3 - https:\/\/yoast.com\/product\/yoast-seo-wordpress\/ -->\n<title>I FATTI DELLA GIORNATA - Campionato Carnico 2017<\/title>\n<meta name=\"robots\" content=\"index, follow, max-snippet:-1, max-image-preview:large, max-video-preview:-1\" \/>\n<link rel=\"canonical\" href=\"https:\/\/2017.carnico.it\/blog\/2014\/07\/20\/i-fatti-della-giornata-69\/\" \/>\n<meta property=\"og:locale\" content=\"it_IT\" \/>\n<meta property=\"og:type\" content=\"article\" \/>\n<meta property=\"og:title\" content=\"I FATTI DELLA GIORNATA - Campionato Carnico 2017\" \/>\n<meta property=\"og:description\" content=\"Dopo la prima giornata del girone di ritorno, sarebbe interessante capire le previsioni degli appassionati in merito alle tre categorie, prendendo a presupposto i risultati della giornata. PRIMA CATEGORIA Il ritorno ad una vittoria rotonda dopo i due pareggi consecutivi significa che il Cedarchis ha ripreso a volare. Al suo inseguimento sono rimaste solo il [&hellip;]\" \/>\n<meta property=\"og:url\" content=\"https:\/\/2017.carnico.it\/blog\/2014\/07\/20\/i-fatti-della-giornata-69\/\" \/>\n<meta property=\"og:site_name\" content=\"Campionato Carnico 2017\" \/>\n<meta property=\"article:publisher\" content=\"https:\/\/www.facebook.com\/campionatocarnico\/\" \/>\n<meta property=\"article:published_time\" content=\"2014-07-20T21:50:59+00:00\" \/>\n<meta property=\"article:modified_time\" content=\"2014-07-20T21:51:14+00:00\" \/>\n<meta property=\"og:image\" content=\"https:\/\/www.carnico.it\/blog\/wp-content\/uploads\/2014\/07\/Michel-Salzano.jpg\" \/>\n<meta name=\"author\" content=\"Redazione\" \/>\n<meta name=\"twitter:card\" content=\"summary_large_image\" \/>\n<meta name=\"twitter:label1\" content=\"Scritto da\" \/>\n\t<meta name=\"twitter:data1\" content=\"Redazione\" \/>\n\t<meta name=\"twitter:label2\" content=\"Tempo di lettura stimato\" \/>\n\t<meta name=\"twitter:data2\" content=\"1 minuto\" \/>\n<script type=\"application\/ld+json\" class=\"yoast-schema-graph\">{\"@context\":\"https:\\\/\\\/schema.org\",\"@graph\":[{\"@type\":\"Article\",\"@id\":\"https:\\\/\\\/2017.carnico.it\\\/blog\\\/2014\\\/07\\\/20\\\/i-fatti-della-giornata-69\\\/#article\",\"isPartOf\":{\"@id\":\"https:\\\/\\\/2017.carnico.it\\\/blog\\\/2014\\\/07\\\/20\\\/i-fatti-della-giornata-69\\\/\"},\"author\":{\"name\":\"Redazione\",\"@id\":\"https:\\\/\\\/2017.carnico.it\\\/blog\\\/#\\\/schema\\\/person\\\/a68c764693d96df3238f123ea014e78c\"},\"headline\":\"I FATTI DELLA GIORNATA\",\"datePublished\":\"2014-07-20T21:50:59+00:00\",\"dateModified\":\"2014-07-20T21:51:14+00:00\",\"mainEntityOfPage\":{\"@id\":\"https:\\\/\\\/2017.carnico.it\\\/blog\\\/2014\\\/07\\\/20\\\/i-fatti-della-giornata-69\\\/\"},\"wordCount\":280,\"commentCount\":2,\"image\":{\"@id\":\"https:\\\/\\\/2017.carnico.it\\\/blog\\\/2014\\\/07\\\/20\\\/i-fatti-della-giornata-69\\\/#primaryimage\"},\"thumbnailUrl\":\"https:\\\/\\\/www.carnico.it\\\/blog\\\/wp-content\\\/uploads\\\/2014\\\/07\\\/Michel-Salzano.jpg\",\"articleSection\":[\"Carnico\",\"Commento al campionato\"],\"inLanguage\":\"it-IT\",\"potentialAction\":[{\"@type\":\"CommentAction\",\"name\":\"Comment\",\"target\":[\"https:\\\/\\\/2017.carnico.it\\\/blog\\\/2014\\\/07\\\/20\\\/i-fatti-della-giornata-69\\\/#respond\"]}]},{\"@type\":\"WebPage\",\"@id\":\"https:\\\/\\\/2017.carnico.it\\\/blog\\\/2014\\\/07\\\/20\\\/i-fatti-della-giornata-69\\\/\",\"url\":\"https:\\\/\\\/2017.carnico.it\\\/blog\\\/2014\\\/07\\\/20\\\/i-fatti-della-giornata-69\\\/\",\"name\":\"I FATTI DELLA GIORNATA - Campionato Carnico 2017\",\"isPartOf\":{\"@id\":\"https:\\\/\\\/2017.carnico.it\\\/blog\\\/#website\"},\"primaryImageOfPage\":{\"@id\":\"https:\\\/\\\/2017.carnico.it\\\/blog\\\/2014\\\/07\\\/20\\\/i-fatti-della-giornata-69\\\/#primaryimage\"},\"image\":{\"@id\":\"https:\\\/\\\/2017.carnico.it\\\/blog\\\/2014\\\/07\\\/20\\\/i-fatti-della-giornata-69\\\/#primaryimage\"},\"thumbnailUrl\":\"https:\\\/\\\/www.carnico.it\\\/blog\\\/wp-content\\\/uploads\\\/2014\\\/07\\\/Michel-Salzano.jpg\",\"datePublished\":\"2014-07-20T21:50:59+00:00\",\"dateModified\":\"2014-07-20T21:51:14+00:00\",\"author\":{\"@id\":\"https:\\\/\\\/2017.carnico.it\\\/blog\\\/#\\\/schema\\\/person\\\/a68c764693d96df3238f123ea014e78c\"},\"breadcrumb\":{\"@id\":\"https:\\\/\\\/2017.carnico.it\\\/blog\\\/2014\\\/07\\\/20\\\/i-fatti-della-giornata-69\\\/#breadcrumb\"},\"inLanguage\":\"it-IT\",\"potentialAction\":[{\"@type\":\"ReadAction\",\"target\":[\"https:\\\/\\\/2017.carnico.it\\\/blog\\\/2014\\\/07\\\/20\\\/i-fatti-della-giornata-69\\\/\"]}]},{\"@type\":\"ImageObject\",\"inLanguage\":\"it-IT\",\"@id\":\"https:\\\/\\\/2017.carnico.it\\\/blog\\\/2014\\\/07\\\/20\\\/i-fatti-della-giornata-69\\\/#primaryimage\",\"url\":\"https:\\\/\\\/www.carnico.it\\\/blog\\\/wp-content\\\/uploads\\\/2014\\\/07\\\/Michel-Salzano.jpg\",\"contentUrl\":\"https:\\\/\\\/www.carnico.it\\\/blog\\\/wp-content\\\/uploads\\\/2014\\\/07\\\/Michel-Salzano.jpg\"},{\"@type\":\"BreadcrumbList\",\"@id\":\"https:\\\/\\\/2017.carnico.it\\\/blog\\\/2014\\\/07\\\/20\\\/i-fatti-della-giornata-69\\\/#breadcrumb\",\"itemListElement\":[{\"@type\":\"ListItem\",\"position\":1,\"name\":\"Home\",\"item\":\"https:\\\/\\\/2017.carnico.it\\\/blog\\\/\"},{\"@type\":\"ListItem\",\"position\":2,\"name\":\"I FATTI DELLA GIORNATA\"}]},{\"@type\":\"WebSite\",\"@id\":\"https:\\\/\\\/2017.carnico.it\\\/blog\\\/#website\",\"url\":\"https:\\\/\\\/2017.carnico.it\\\/blog\\\/\",\"name\":\"Campionato Carnico 2017\",\"description\":\"Notizie e aggiornamenti in tempo reale sul campionato Carnico\",\"potentialAction\":[{\"@type\":\"SearchAction\",\"target\":{\"@type\":\"EntryPoint\",\"urlTemplate\":\"https:\\\/\\\/2017.carnico.it\\\/blog\\\/?s={search_term_string}\"},\"query-input\":{\"@type\":\"PropertyValueSpecification\",\"valueRequired\":true,\"valueName\":\"search_term_string\"}}],\"inLanguage\":\"it-IT\"},{\"@type\":\"Person\",\"@id\":\"https:\\\/\\\/2017.carnico.it\\\/blog\\\/#\\\/schema\\\/person\\\/a68c764693d96df3238f123ea014e78c\",\"name\":\"Redazione\",\"image\":{\"@type\":\"ImageObject\",\"inLanguage\":\"it-IT\",\"@id\":\"https:\\\/\\\/secure.gravatar.com\\\/avatar\\\/6c05bd4dddbea475e283f76b4aa2d778ecb35c06fd92df5f6e0cac552163e2ac?s=96&d=mm&r=g\",\"url\":\"https:\\\/\\\/secure.gravatar.com\\\/avatar\\\/6c05bd4dddbea475e283f76b4aa2d778ecb35c06fd92df5f6e0cac552163e2ac?s=96&d=mm&r=g\",\"contentUrl\":\"https:\\\/\\\/secure.gravatar.com\\\/avatar\\\/6c05bd4dddbea475e283f76b4aa2d778ecb35c06fd92df5f6e0cac552163e2ac?s=96&d=mm&r=g\",\"caption\":\"Redazione\"},\"url\":\"https:\\\/\\\/2017.carnico.it\\\/blog\\\/author\\\/clyco-admin\\\/\"}]}<\/script>\n<!-- \/ Yoast SEO plugin. -->","yoast_head_json":{"title":"I FATTI DELLA GIORNATA - Campionato Carnico 2017","robots":{"index":"index","follow":"follow","max-snippet":"max-snippet:-1","max-image-preview":"max-image-preview:large","max-video-preview":"max-video-preview:-1"},"canonical":"https:\/\/2017.carnico.it\/blog\/2014\/07\/20\/i-fatti-della-giornata-69\/","og_locale":"it_IT","og_type":"article","og_title":"I FATTI DELLA GIORNATA - Campionato Carnico 2017","og_description":"Dopo la prima giornata del girone di ritorno, sarebbe interessante capire le previsioni degli appassionati in merito alle tre categorie, prendendo a presupposto i risultati della giornata. PRIMA CATEGORIA Il ritorno ad una vittoria rotonda dopo i due pareggi consecutivi significa che il Cedarchis ha ripreso a volare. Al suo inseguimento sono rimaste solo il [&hellip;]","og_url":"https:\/\/2017.carnico.it\/blog\/2014\/07\/20\/i-fatti-della-giornata-69\/","og_site_name":"Campionato Carnico 2017","article_publisher":"https:\/\/www.facebook.com\/campionatocarnico\/","article_published_time":"2014-07-20T21:50:59+00:00","article_modified_time":"2014-07-20T21:51:14+00:00","og_image":[{"url":"https:\/\/www.carnico.it\/blog\/wp-content\/uploads\/2014\/07\/Michel-Salzano.jpg","type":"","width":"","height":""}],"author":"Redazione","twitter_card":"summary_large_image","twitter_misc":{"Scritto da":"Redazione","Tempo di lettura stimato":"1 minuto"},"schema":{"@context":"https:\/\/schema.org","@graph":[{"@type":"Article","@id":"https:\/\/2017.carnico.it\/blog\/2014\/07\/20\/i-fatti-della-giornata-69\/#article","isPartOf":{"@id":"https:\/\/2017.carnico.it\/blog\/2014\/07\/20\/i-fatti-della-giornata-69\/"},"author":{"name":"Redazione","@id":"https:\/\/2017.carnico.it\/blog\/#\/schema\/person\/a68c764693d96df3238f123ea014e78c"},"headline":"I FATTI DELLA GIORNATA","datePublished":"2014-07-20T21:50:59+00:00","dateModified":"2014-07-20T21:51:14+00:00","mainEntityOfPage":{"@id":"https:\/\/2017.carnico.it\/blog\/2014\/07\/20\/i-fatti-della-giornata-69\/"},"wordCount":280,"commentCount":2,"image":{"@id":"https:\/\/2017.carnico.it\/blog\/2014\/07\/20\/i-fatti-della-giornata-69\/#primaryimage"},"thumbnailUrl":"https:\/\/www.carnico.it\/blog\/wp-content\/uploads\/2014\/07\/Michel-Salzano.jpg","articleSection":["Carnico","Commento al campionato"],"inLanguage":"it-IT","potentialAction":[{"@type":"CommentAction","name":"Comment","target":["https:\/\/2017.carnico.it\/blog\/2014\/07\/20\/i-fatti-della-giornata-69\/#respond"]}]},{"@type":"WebPage","@id":"https:\/\/2017.carnico.it\/blog\/2014\/07\/20\/i-fatti-della-giornata-69\/","url":"https:\/\/2017.carnico.it\/blog\/2014\/07\/20\/i-fatti-della-giornata-69\/","name":"I FATTI DELLA GIORNATA - Campionato Carnico 2017","isPartOf":{"@id":"https:\/\/2017.carnico.it\/blog\/#website"},"primaryImageOfPage":{"@id":"https:\/\/2017.carnico.it\/blog\/2014\/07\/20\/i-fatti-della-giornata-69\/#primaryimage"},"image":{"@id":"https:\/\/2017.carnico.it\/blog\/2014\/07\/20\/i-fatti-della-giornata-69\/#primaryimage"},"thumbnailUrl":"https:\/\/www.carnico.it\/blog\/wp-content\/uploads\/2014\/07\/Michel-Salzano.jpg","datePublished":"2014-07-20T21:50:59+00:00","dateModified":"2014-07-20T21:51:14+00:00","author":{"@id":"https:\/\/2017.carnico.it\/blog\/#\/schema\/person\/a68c764693d96df3238f123ea014e78c"},"breadcrumb":{"@id":"https:\/\/2017.carnico.it\/blog\/2014\/07\/20\/i-fatti-della-giornata-69\/#breadcrumb"},"inLanguage":"it-IT","potentialAction":[{"@type":"ReadAction","target":["https:\/\/2017.carnico.it\/blog\/2014\/07\/20\/i-fatti-della-giornata-69\/"]}]},{"@type":"ImageObject","inLanguage":"it-IT","@id":"https:\/\/2017.carnico.it\/blog\/2014\/07\/20\/i-fatti-della-giornata-69\/#primaryimage","url":"https:\/\/www.carnico.it\/blog\/wp-content\/uploads\/2014\/07\/Michel-Salzano.jpg","contentUrl":"https:\/\/www.carnico.it\/blog\/wp-content\/uploads\/2014\/07\/Michel-Salzano.jpg"},{"@type":"BreadcrumbList","@id":"https:\/\/2017.carnico.it\/blog\/2014\/07\/20\/i-fatti-della-giornata-69\/#breadcrumb","itemListElement":[{"@type":"ListItem","position":1,"name":"Home","item":"https:\/\/2017.carnico.it\/blog\/"},{"@type":"ListItem","position":2,"name":"I FATTI DELLA GIORNATA"}]},{"@type":"WebSite","@id":"https:\/\/2017.carnico.it\/blog\/#website","url":"https:\/\/2017.carnico.it\/blog\/","name":"Campionato Carnico 2017","description":"Notizie e aggiornamenti in tempo reale sul campionato Carnico","potentialAction":[{"@type":"SearchAction","target":{"@type":"EntryPoint","urlTemplate":"https:\/\/2017.carnico.it\/blog\/?s={search_term_string}"},"query-input":{"@type":"PropertyValueSpecification","valueRequired":true,"valueName":"search_term_string"}}],"inLanguage":"it-IT"},{"@type":"Person","@id":"https:\/\/2017.carnico.it\/blog\/#\/schema\/person\/a68c764693d96df3238f123ea014e78c","name":"Redazione","image":{"@type":"ImageObject","inLanguage":"it-IT","@id":"https:\/\/secure.gravatar.com\/avatar\/6c05bd4dddbea475e283f76b4aa2d778ecb35c06fd92df5f6e0cac552163e2ac?s=96&d=mm&r=g","url":"https:\/\/secure.gravatar.com\/avatar\/6c05bd4dddbea475e283f76b4aa2d778ecb35c06fd92df5f6e0cac552163e2ac?s=96&d=mm&r=g","contentUrl":"https:\/\/secure.gravatar.com\/avatar\/6c05bd4dddbea475e283f76b4aa2d778ecb35c06fd92df5f6e0cac552163e2ac?s=96&d=mm&r=g","caption":"Redazione"},"url":"https:\/\/2017.carnico.it\/blog\/author\/clyco-admin\/"}]}},"_links":{"self":[{"href":"https:\/\/2017.carnico.it\/blog\/wp-json\/wp\/v2\/posts\/10677","targetHints":{"allow":["GET"]}}],"collection":[{"href":"https:\/\/2017.carnico.it\/blog\/wp-json\/wp\/v2\/posts"}],"about":[{"href":"https:\/\/2017.carnico.it\/blog\/wp-json\/wp\/v2\/types\/post"}],"author":[{"embeddable":true,"href":"https:\/\/2017.carnico.it\/blog\/wp-json\/wp\/v2\/users\/10"}],"replies":[{"embeddable":true,"href":"https:\/\/2017.carnico.it\/blog\/wp-json\/wp\/v2\/comments?post=10677"}],"version-history":[{"count":3,"href":"https:\/\/2017.carnico.it\/blog\/wp-json\/wp\/v2\/posts\/10677\/revisions"}],"predecessor-version":[{"id":10681,"href":"https:\/\/2017.carnico.it\/blog\/wp-json\/wp\/v2\/posts\/10677\/revisions\/10681"}],"wp:attachment":[{"href":"https:\/\/2017.carnico.it\/blog\/wp-json\/wp\/v2\/media?parent=10677"}],"wp:term":[{"taxonomy":"category","embeddable":true,"href":"https:\/\/2017.carnico.it\/blog\/wp-json\/wp\/v2\/categories?post=10677"},{"taxonomy":"post_tag","embeddable":true,"href":"https:\/\/2017.carnico.it\/blog\/wp-json\/wp\/v2\/tags?post=10677"}],"curies":[{"name":"wp","href":"https:\/\/api.w.org\/{rel}","templated":true}]}}