{"id":10651,"date":"2014-07-17T09:23:17","date_gmt":"2014-07-17T07:23:17","guid":{"rendered":"http:\/\/www.carnico.it\/blog\/?p=10651"},"modified":"2014-07-17T09:23:17","modified_gmt":"2014-07-17T07:23:17","slug":"i-fatti-della-giornata-68","status":"publish","type":"post","link":"https:\/\/2017.carnico.it\/blog\/2014\/07\/17\/i-fatti-della-giornata-68\/","title":{"rendered":"I FATTI DELLA GIORNATA"},"content":{"rendered":"<div id=\"attachment_10652\" style=\"width: 130px\" class=\"wp-caption alignleft\"><a href=\"https:\/\/www.carnico.it\/blog\/2014\/07\/17\/i-fatti-della-giornata-68\/menazzi\/\" rel=\"attachment wp-att-10652\"><img loading=\"lazy\" decoding=\"async\" aria-describedby=\"caption-attachment-10652\" class=\"size-full wp-image-10652\" src=\"https:\/\/www.carnico.it\/blog\/wp-content\/uploads\/2014\/07\/MENAZZI.jpg\" alt=\"Menazzi regala il successo alla Pontebbana\" width=\"120\" height=\"160\" \/><\/a><p id=\"caption-attachment-10652\" class=\"wp-caption-text\">Menazzi regala il successo alla Pontebbana<\/p><\/div>\n<p><strong>PRIMA CATEGORIA<\/strong><br \/>\nE\u2019un turno infrasettimanale che regala qualche sorpresa davvero inaspettata alla vigilia. Di certo, non \u00e8 catalogabile tra le sorprese il pareggio che il Real I.C. strappa sul campo del Cedarchis (al secondo pareggio consecutivo e ancora una volta facendosi rimontare) perch\u00e9 i derby sono partite particolari ed i pronostici spesso non vanno d\u2019accordo con le risultanze della classifica. Buon per i giallorossi che la Folgore, ovvero la pi\u00f9 immediata inseguitrice, scivoli inaspettatamente in casa (questa s\u00ec, che \u00e8 una sorpresa!) dove finora aveva sempre vinto contro una Pontebbana imprevedibile. <!--more-->La squadra di Cicutti paga qualche assenza e la voglia degli avversari di portare a casa un successo che le cronache ci dicono meritato. E cos\u00ec adesso, al secondo posto ci sono quattro formazioni, in quanto i biancorossi sono stati raggiunti dal Cavazzo (che solo nel recupero piega l\u2019Arta), dal Fusca che vince allo scadere contro un Paluzza sempre pi\u00f9 in crisi di risultati e l\u2019Ovarese che strapazza il Villa (a lungo in inferiorit\u00e0 numerica). In chiave salvezza, detto del successo della Pontebbana e del ko dei nerazzurri della valle del But, bisogna rimarcare il pareggio senza reti del Trasaghis nel derby col Bordano e la sconfitta interna della Moggese contro i Mobilieri.<\/p>\n<p><strong>SECONDA CATEGORIA<\/strong><br \/>\nTorna al successo il Campagnola, che batte in casa il Val Resia ed allunga in classifica. L\u2019Audax che sulla carta aveva un compito tutto sommato favorevole contro la Velox, si fa invece battere al \u201cTre Fontane\u201d, dai paularesi che ci credono sino alla fine ed in 2\u2019 capovolgono l\u2019iniziale svantaggio. Al secondo posto c\u2019\u00e8 ora l\u2019Edera, che va a vincere sul campo del Castello, non in formissima nelle ultime settimane. La domenica che assegnava al Sappada il turno di riposo, in ottica salvezza fa registrare il pari del Rapid in casa della Val del Lago, il pareggio tra La Delizia ed il Cercivento e l\u2019importantissimo successo dell\u2019Ancora sull\u2019Illegiana.<\/p>\n","protected":false},"excerpt":{"rendered":"<p>PRIMA CATEGORIA E\u2019un turno infrasettimanale che regala qualche sorpresa davvero inaspettata alla vigilia. Di certo, non \u00e8 catalogabile tra le sorprese il pareggio che il Real I.C. strappa sul campo del Cedarchis (al secondo pareggio consecutivo e ancora una volta facendosi rimontare) perch\u00e9 i derby sono partite particolari ed i pronostici spesso non vanno d\u2019accordo [&hellip;]<\/p>\n","protected":false},"author":10,"featured_media":0,"comment_status":"open","ping_status":"closed","sticky":false,"template":"","format":"standard","meta":{"footnotes":""},"categories":[3,1],"tags":[],"class_list":["post-10651","post","type-post","status-publish","format-standard","hentry","category-carnico","category-commento-campionato"],"yoast_head":"<!-- This site is optimized with the Yoast SEO plugin v27.3 - https:\/\/yoast.com\/product\/yoast-seo-wordpress\/ -->\n<title>I FATTI DELLA GIORNATA - Campionato Carnico 2017<\/title>\n<meta name=\"robots\" content=\"index, follow, max-snippet:-1, max-image-preview:large, max-video-preview:-1\" \/>\n<link rel=\"canonical\" href=\"https:\/\/2017.carnico.it\/blog\/2014\/07\/17\/i-fatti-della-giornata-68\/\" \/>\n<meta property=\"og:locale\" content=\"it_IT\" \/>\n<meta property=\"og:type\" content=\"article\" \/>\n<meta property=\"og:title\" content=\"I FATTI DELLA GIORNATA - Campionato Carnico 2017\" \/>\n<meta property=\"og:description\" content=\"PRIMA CATEGORIA E\u2019un turno infrasettimanale che regala qualche sorpresa davvero inaspettata alla vigilia. Di certo, non \u00e8 catalogabile tra le sorprese il pareggio che il Real I.C. strappa sul campo del Cedarchis (al secondo pareggio consecutivo e ancora una volta facendosi rimontare) perch\u00e9 i derby sono partite particolari ed i pronostici spesso non vanno d\u2019accordo [&hellip;]\" \/>\n<meta property=\"og:url\" content=\"https:\/\/2017.carnico.it\/blog\/2014\/07\/17\/i-fatti-della-giornata-68\/\" \/>\n<meta property=\"og:site_name\" content=\"Campionato Carnico 2017\" \/>\n<meta property=\"article:publisher\" content=\"https:\/\/www.facebook.com\/campionatocarnico\/\" \/>\n<meta property=\"article:published_time\" content=\"2014-07-17T07:23:17+00:00\" \/>\n<meta property=\"og:image\" content=\"https:\/\/www.carnico.it\/blog\/wp-content\/uploads\/2014\/07\/MENAZZI.jpg\" \/>\n<meta name=\"author\" content=\"Redazione\" \/>\n<meta name=\"twitter:card\" content=\"summary_large_image\" \/>\n<meta name=\"twitter:label1\" content=\"Scritto da\" \/>\n\t<meta name=\"twitter:data1\" content=\"Redazione\" \/>\n\t<meta name=\"twitter:label2\" content=\"Tempo di lettura stimato\" \/>\n\t<meta name=\"twitter:data2\" content=\"2 minuti\" \/>\n<script type=\"application\/ld+json\" class=\"yoast-schema-graph\">{\"@context\":\"https:\\\/\\\/schema.org\",\"@graph\":[{\"@type\":\"Article\",\"@id\":\"https:\\\/\\\/2017.carnico.it\\\/blog\\\/2014\\\/07\\\/17\\\/i-fatti-della-giornata-68\\\/#article\",\"isPartOf\":{\"@id\":\"https:\\\/\\\/2017.carnico.it\\\/blog\\\/2014\\\/07\\\/17\\\/i-fatti-della-giornata-68\\\/\"},\"author\":{\"name\":\"Redazione\",\"@id\":\"https:\\\/\\\/2017.carnico.it\\\/blog\\\/#\\\/schema\\\/person\\\/a68c764693d96df3238f123ea014e78c\"},\"headline\":\"I FATTI DELLA GIORNATA\",\"datePublished\":\"2014-07-17T07:23:17+00:00\",\"mainEntityOfPage\":{\"@id\":\"https:\\\/\\\/2017.carnico.it\\\/blog\\\/2014\\\/07\\\/17\\\/i-fatti-della-giornata-68\\\/\"},\"wordCount\":339,\"commentCount\":3,\"image\":{\"@id\":\"https:\\\/\\\/2017.carnico.it\\\/blog\\\/2014\\\/07\\\/17\\\/i-fatti-della-giornata-68\\\/#primaryimage\"},\"thumbnailUrl\":\"https:\\\/\\\/www.carnico.it\\\/blog\\\/wp-content\\\/uploads\\\/2014\\\/07\\\/MENAZZI.jpg\",\"articleSection\":[\"Carnico\",\"Commento al campionato\"],\"inLanguage\":\"it-IT\",\"potentialAction\":[{\"@type\":\"CommentAction\",\"name\":\"Comment\",\"target\":[\"https:\\\/\\\/2017.carnico.it\\\/blog\\\/2014\\\/07\\\/17\\\/i-fatti-della-giornata-68\\\/#respond\"]}]},{\"@type\":\"WebPage\",\"@id\":\"https:\\\/\\\/2017.carnico.it\\\/blog\\\/2014\\\/07\\\/17\\\/i-fatti-della-giornata-68\\\/\",\"url\":\"https:\\\/\\\/2017.carnico.it\\\/blog\\\/2014\\\/07\\\/17\\\/i-fatti-della-giornata-68\\\/\",\"name\":\"I FATTI DELLA GIORNATA - Campionato Carnico 2017\",\"isPartOf\":{\"@id\":\"https:\\\/\\\/2017.carnico.it\\\/blog\\\/#website\"},\"primaryImageOfPage\":{\"@id\":\"https:\\\/\\\/2017.carnico.it\\\/blog\\\/2014\\\/07\\\/17\\\/i-fatti-della-giornata-68\\\/#primaryimage\"},\"image\":{\"@id\":\"https:\\\/\\\/2017.carnico.it\\\/blog\\\/2014\\\/07\\\/17\\\/i-fatti-della-giornata-68\\\/#primaryimage\"},\"thumbnailUrl\":\"https:\\\/\\\/www.carnico.it\\\/blog\\\/wp-content\\\/uploads\\\/2014\\\/07\\\/MENAZZI.jpg\",\"datePublished\":\"2014-07-17T07:23:17+00:00\",\"author\":{\"@id\":\"https:\\\/\\\/2017.carnico.it\\\/blog\\\/#\\\/schema\\\/person\\\/a68c764693d96df3238f123ea014e78c\"},\"breadcrumb\":{\"@id\":\"https:\\\/\\\/2017.carnico.it\\\/blog\\\/2014\\\/07\\\/17\\\/i-fatti-della-giornata-68\\\/#breadcrumb\"},\"inLanguage\":\"it-IT\",\"potentialAction\":[{\"@type\":\"ReadAction\",\"target\":[\"https:\\\/\\\/2017.carnico.it\\\/blog\\\/2014\\\/07\\\/17\\\/i-fatti-della-giornata-68\\\/\"]}]},{\"@type\":\"ImageObject\",\"inLanguage\":\"it-IT\",\"@id\":\"https:\\\/\\\/2017.carnico.it\\\/blog\\\/2014\\\/07\\\/17\\\/i-fatti-della-giornata-68\\\/#primaryimage\",\"url\":\"https:\\\/\\\/www.carnico.it\\\/blog\\\/wp-content\\\/uploads\\\/2014\\\/07\\\/MENAZZI.jpg\",\"contentUrl\":\"https:\\\/\\\/www.carnico.it\\\/blog\\\/wp-content\\\/uploads\\\/2014\\\/07\\\/MENAZZI.jpg\"},{\"@type\":\"BreadcrumbList\",\"@id\":\"https:\\\/\\\/2017.carnico.it\\\/blog\\\/2014\\\/07\\\/17\\\/i-fatti-della-giornata-68\\\/#breadcrumb\",\"itemListElement\":[{\"@type\":\"ListItem\",\"position\":1,\"name\":\"Home\",\"item\":\"https:\\\/\\\/2017.carnico.it\\\/blog\\\/\"},{\"@type\":\"ListItem\",\"position\":2,\"name\":\"I FATTI DELLA GIORNATA\"}]},{\"@type\":\"WebSite\",\"@id\":\"https:\\\/\\\/2017.carnico.it\\\/blog\\\/#website\",\"url\":\"https:\\\/\\\/2017.carnico.it\\\/blog\\\/\",\"name\":\"Campionato Carnico 2017\",\"description\":\"Notizie e aggiornamenti in tempo reale sul campionato Carnico\",\"potentialAction\":[{\"@type\":\"SearchAction\",\"target\":{\"@type\":\"EntryPoint\",\"urlTemplate\":\"https:\\\/\\\/2017.carnico.it\\\/blog\\\/?s={search_term_string}\"},\"query-input\":{\"@type\":\"PropertyValueSpecification\",\"valueRequired\":true,\"valueName\":\"search_term_string\"}}],\"inLanguage\":\"it-IT\"},{\"@type\":\"Person\",\"@id\":\"https:\\\/\\\/2017.carnico.it\\\/blog\\\/#\\\/schema\\\/person\\\/a68c764693d96df3238f123ea014e78c\",\"name\":\"Redazione\",\"image\":{\"@type\":\"ImageObject\",\"inLanguage\":\"it-IT\",\"@id\":\"https:\\\/\\\/secure.gravatar.com\\\/avatar\\\/6c05bd4dddbea475e283f76b4aa2d778ecb35c06fd92df5f6e0cac552163e2ac?s=96&d=mm&r=g\",\"url\":\"https:\\\/\\\/secure.gravatar.com\\\/avatar\\\/6c05bd4dddbea475e283f76b4aa2d778ecb35c06fd92df5f6e0cac552163e2ac?s=96&d=mm&r=g\",\"contentUrl\":\"https:\\\/\\\/secure.gravatar.com\\\/avatar\\\/6c05bd4dddbea475e283f76b4aa2d778ecb35c06fd92df5f6e0cac552163e2ac?s=96&d=mm&r=g\",\"caption\":\"Redazione\"},\"url\":\"https:\\\/\\\/2017.carnico.it\\\/blog\\\/author\\\/clyco-admin\\\/\"}]}<\/script>\n<!-- \/ Yoast SEO plugin. -->","yoast_head_json":{"title":"I FATTI DELLA GIORNATA - Campionato Carnico 2017","robots":{"index":"index","follow":"follow","max-snippet":"max-snippet:-1","max-image-preview":"max-image-preview:large","max-video-preview":"max-video-preview:-1"},"canonical":"https:\/\/2017.carnico.it\/blog\/2014\/07\/17\/i-fatti-della-giornata-68\/","og_locale":"it_IT","og_type":"article","og_title":"I FATTI DELLA GIORNATA - Campionato Carnico 2017","og_description":"PRIMA CATEGORIA E\u2019un turno infrasettimanale che regala qualche sorpresa davvero inaspettata alla vigilia. Di certo, non \u00e8 catalogabile tra le sorprese il pareggio che il Real I.C. strappa sul campo del Cedarchis (al secondo pareggio consecutivo e ancora una volta facendosi rimontare) perch\u00e9 i derby sono partite particolari ed i pronostici spesso non vanno d\u2019accordo [&hellip;]","og_url":"https:\/\/2017.carnico.it\/blog\/2014\/07\/17\/i-fatti-della-giornata-68\/","og_site_name":"Campionato Carnico 2017","article_publisher":"https:\/\/www.facebook.com\/campionatocarnico\/","article_published_time":"2014-07-17T07:23:17+00:00","og_image":[{"url":"https:\/\/www.carnico.it\/blog\/wp-content\/uploads\/2014\/07\/MENAZZI.jpg","type":"","width":"","height":""}],"author":"Redazione","twitter_card":"summary_large_image","twitter_misc":{"Scritto da":"Redazione","Tempo di lettura stimato":"2 minuti"},"schema":{"@context":"https:\/\/schema.org","@graph":[{"@type":"Article","@id":"https:\/\/2017.carnico.it\/blog\/2014\/07\/17\/i-fatti-della-giornata-68\/#article","isPartOf":{"@id":"https:\/\/2017.carnico.it\/blog\/2014\/07\/17\/i-fatti-della-giornata-68\/"},"author":{"name":"Redazione","@id":"https:\/\/2017.carnico.it\/blog\/#\/schema\/person\/a68c764693d96df3238f123ea014e78c"},"headline":"I FATTI DELLA GIORNATA","datePublished":"2014-07-17T07:23:17+00:00","mainEntityOfPage":{"@id":"https:\/\/2017.carnico.it\/blog\/2014\/07\/17\/i-fatti-della-giornata-68\/"},"wordCount":339,"commentCount":3,"image":{"@id":"https:\/\/2017.carnico.it\/blog\/2014\/07\/17\/i-fatti-della-giornata-68\/#primaryimage"},"thumbnailUrl":"https:\/\/www.carnico.it\/blog\/wp-content\/uploads\/2014\/07\/MENAZZI.jpg","articleSection":["Carnico","Commento al campionato"],"inLanguage":"it-IT","potentialAction":[{"@type":"CommentAction","name":"Comment","target":["https:\/\/2017.carnico.it\/blog\/2014\/07\/17\/i-fatti-della-giornata-68\/#respond"]}]},{"@type":"WebPage","@id":"https:\/\/2017.carnico.it\/blog\/2014\/07\/17\/i-fatti-della-giornata-68\/","url":"https:\/\/2017.carnico.it\/blog\/2014\/07\/17\/i-fatti-della-giornata-68\/","name":"I FATTI DELLA GIORNATA - Campionato Carnico 2017","isPartOf":{"@id":"https:\/\/2017.carnico.it\/blog\/#website"},"primaryImageOfPage":{"@id":"https:\/\/2017.carnico.it\/blog\/2014\/07\/17\/i-fatti-della-giornata-68\/#primaryimage"},"image":{"@id":"https:\/\/2017.carnico.it\/blog\/2014\/07\/17\/i-fatti-della-giornata-68\/#primaryimage"},"thumbnailUrl":"https:\/\/www.carnico.it\/blog\/wp-content\/uploads\/2014\/07\/MENAZZI.jpg","datePublished":"2014-07-17T07:23:17+00:00","author":{"@id":"https:\/\/2017.carnico.it\/blog\/#\/schema\/person\/a68c764693d96df3238f123ea014e78c"},"breadcrumb":{"@id":"https:\/\/2017.carnico.it\/blog\/2014\/07\/17\/i-fatti-della-giornata-68\/#breadcrumb"},"inLanguage":"it-IT","potentialAction":[{"@type":"ReadAction","target":["https:\/\/2017.carnico.it\/blog\/2014\/07\/17\/i-fatti-della-giornata-68\/"]}]},{"@type":"ImageObject","inLanguage":"it-IT","@id":"https:\/\/2017.carnico.it\/blog\/2014\/07\/17\/i-fatti-della-giornata-68\/#primaryimage","url":"https:\/\/www.carnico.it\/blog\/wp-content\/uploads\/2014\/07\/MENAZZI.jpg","contentUrl":"https:\/\/www.carnico.it\/blog\/wp-content\/uploads\/2014\/07\/MENAZZI.jpg"},{"@type":"BreadcrumbList","@id":"https:\/\/2017.carnico.it\/blog\/2014\/07\/17\/i-fatti-della-giornata-68\/#breadcrumb","itemListElement":[{"@type":"ListItem","position":1,"name":"Home","item":"https:\/\/2017.carnico.it\/blog\/"},{"@type":"ListItem","position":2,"name":"I FATTI DELLA GIORNATA"}]},{"@type":"WebSite","@id":"https:\/\/2017.carnico.it\/blog\/#website","url":"https:\/\/2017.carnico.it\/blog\/","name":"Campionato Carnico 2017","description":"Notizie e aggiornamenti in tempo reale sul campionato Carnico","potentialAction":[{"@type":"SearchAction","target":{"@type":"EntryPoint","urlTemplate":"https:\/\/2017.carnico.it\/blog\/?s={search_term_string}"},"query-input":{"@type":"PropertyValueSpecification","valueRequired":true,"valueName":"search_term_string"}}],"inLanguage":"it-IT"},{"@type":"Person","@id":"https:\/\/2017.carnico.it\/blog\/#\/schema\/person\/a68c764693d96df3238f123ea014e78c","name":"Redazione","image":{"@type":"ImageObject","inLanguage":"it-IT","@id":"https:\/\/secure.gravatar.com\/avatar\/6c05bd4dddbea475e283f76b4aa2d778ecb35c06fd92df5f6e0cac552163e2ac?s=96&d=mm&r=g","url":"https:\/\/secure.gravatar.com\/avatar\/6c05bd4dddbea475e283f76b4aa2d778ecb35c06fd92df5f6e0cac552163e2ac?s=96&d=mm&r=g","contentUrl":"https:\/\/secure.gravatar.com\/avatar\/6c05bd4dddbea475e283f76b4aa2d778ecb35c06fd92df5f6e0cac552163e2ac?s=96&d=mm&r=g","caption":"Redazione"},"url":"https:\/\/2017.carnico.it\/blog\/author\/clyco-admin\/"}]}},"_links":{"self":[{"href":"https:\/\/2017.carnico.it\/blog\/wp-json\/wp\/v2\/posts\/10651","targetHints":{"allow":["GET"]}}],"collection":[{"href":"https:\/\/2017.carnico.it\/blog\/wp-json\/wp\/v2\/posts"}],"about":[{"href":"https:\/\/2017.carnico.it\/blog\/wp-json\/wp\/v2\/types\/post"}],"author":[{"embeddable":true,"href":"https:\/\/2017.carnico.it\/blog\/wp-json\/wp\/v2\/users\/10"}],"replies":[{"embeddable":true,"href":"https:\/\/2017.carnico.it\/blog\/wp-json\/wp\/v2\/comments?post=10651"}],"version-history":[{"count":2,"href":"https:\/\/2017.carnico.it\/blog\/wp-json\/wp\/v2\/posts\/10651\/revisions"}],"predecessor-version":[{"id":10654,"href":"https:\/\/2017.carnico.it\/blog\/wp-json\/wp\/v2\/posts\/10651\/revisions\/10654"}],"wp:attachment":[{"href":"https:\/\/2017.carnico.it\/blog\/wp-json\/wp\/v2\/media?parent=10651"}],"wp:term":[{"taxonomy":"category","embeddable":true,"href":"https:\/\/2017.carnico.it\/blog\/wp-json\/wp\/v2\/categories?post=10651"},{"taxonomy":"post_tag","embeddable":true,"href":"https:\/\/2017.carnico.it\/blog\/wp-json\/wp\/v2\/tags?post=10651"}],"curies":[{"name":"wp","href":"https:\/\/api.w.org\/{rel}","templated":true}]}}