{"id":10623,"date":"2014-07-14T17:21:38","date_gmt":"2014-07-14T15:21:38","guid":{"rendered":"http:\/\/www.carnico.it\/blog\/?p=10623"},"modified":"2014-07-15T18:22:42","modified_gmt":"2014-07-15T16:22:42","slug":"forza-rossano","status":"publish","type":"post","link":"https:\/\/2017.carnico.it\/blog\/2014\/07\/14\/forza-rossano\/","title":{"rendered":"FORZA ROSSANO!"},"content":{"rendered":"<p><a href=\"https:\/\/www.carnico.it\/blog\/2014\/07\/14\/forza-rossano\/1_rossano_del-frate\/\" rel=\"attachment wp-att-10624\"><img loading=\"lazy\" decoding=\"async\" class=\"alignleft  wp-image-10624\" src=\"https:\/\/www.carnico.it\/blog\/wp-content\/uploads\/2014\/07\/1_rossano_del-frate-140x250.jpg\" alt=\"1_rossano_del-frate\" width=\"120\" height=\"214\" srcset=\"https:\/\/2017.carnico.it\/blog\/wp-content\/uploads\/2014\/07\/1_rossano_del-frate-140x250.jpg 140w, https:\/\/2017.carnico.it\/blog\/wp-content\/uploads\/2014\/07\/1_rossano_del-frate-253x450.jpg 253w, https:\/\/2017.carnico.it\/blog\/wp-content\/uploads\/2014\/07\/1_rossano_del-frate-354x630.jpg 354w\" sizes=\"auto, (max-width: 120px) 100vw, 120px\" \/><\/a>Rossano Del Frate, l\u2019allenatore che dopo 24 anni nel 2011 ha riportato la Coppa nel paese dei Mobilieri, \u00e8 ricoverato da sabato notte presso l\u2019Ospedale di Udine. Terminata da poco la partita del suo \u201cTilly\u2019s\u201d (squadra del campionato amatori di Sutrio), Rossano, allarmato da un forte dolore al torace, decide di recarsi presso il pronto soccorso dell\u2019O.C. di Tolmezzo. Qui la situazione appare subito grave e per questo si decide l\u2019immediato trasporto ad Udine, dove Rossano arriva in piena notte. I primi momenti sono vissuti con grande preoccupazione dalle figlie Caterina, Anna e Francesca, dal dirigente sutriese Mauro Chiapolino e dai compagni di squadra Gilberto Buzzi e Max Di Giusto, accorsi presso la struttura sanitaria.<!--more-->Poi, piano piano, si fa strada un cauto ottimismo ed ora la situazione sembra avviarsi verso la normalit\u00e0, anche se naturalmente bisogner\u00e0 aspettare le prossime ore per poter sciogliere completamente la prognosi. A far ben sperare, c\u2019\u00e8 per\u00f2 un episodio: appena ripresosi, la prima domanda di Del Frate \u00e8 stata: \u201cPosso continuare a giocare a pallone?\u201d. Davvero un bel modo per riprendersi la vita! Da parte nostra, un abbraccio sincero e un in bocca al lupo grande come la simpatia e l\u2019affetto che hai sempre dimostrato verso la Carnia e la sua gente. Con o senza pallone, ti aspettiamo quass\u00f9, da noi, perche di questa splendida storia che \u00e8 il Carnico qualche pagina importante l\u2019hai scritta anche tu. A presto, Rossano!<\/p>\n","protected":false},"excerpt":{"rendered":"<p>Rossano Del Frate, l\u2019allenatore che dopo 24 anni nel 2011 ha riportato la Coppa nel paese dei Mobilieri, \u00e8 ricoverato da sabato notte presso l\u2019Ospedale di Udine. Terminata da poco la partita del suo \u201cTilly\u2019s\u201d (squadra del campionato amatori di Sutrio), Rossano, allarmato da un forte dolore al torace, decide di recarsi presso il pronto [&hellip;]<\/p>\n","protected":false},"author":10,"featured_media":0,"comment_status":"open","ping_status":"closed","sticky":false,"template":"","format":"standard","meta":{"footnotes":""},"categories":[3,5],"tags":[],"class_list":["post-10623","post","type-post","status-publish","format-standard","hentry","category-carnico","category-varie"],"yoast_head":"<!-- This site is optimized with the Yoast SEO plugin v27.3 - https:\/\/yoast.com\/product\/yoast-seo-wordpress\/ -->\n<title>FORZA ROSSANO! - Campionato Carnico 2017<\/title>\n<meta name=\"robots\" content=\"index, follow, max-snippet:-1, max-image-preview:large, max-video-preview:-1\" \/>\n<link rel=\"canonical\" href=\"https:\/\/2017.carnico.it\/blog\/2014\/07\/14\/forza-rossano\/\" \/>\n<meta property=\"og:locale\" content=\"it_IT\" \/>\n<meta property=\"og:type\" content=\"article\" \/>\n<meta property=\"og:title\" content=\"FORZA ROSSANO! - Campionato Carnico 2017\" \/>\n<meta property=\"og:description\" content=\"Rossano Del Frate, l\u2019allenatore che dopo 24 anni nel 2011 ha riportato la Coppa nel paese dei Mobilieri, \u00e8 ricoverato da sabato notte presso l\u2019Ospedale di Udine. Terminata da poco la partita del suo \u201cTilly\u2019s\u201d (squadra del campionato amatori di Sutrio), Rossano, allarmato da un forte dolore al torace, decide di recarsi presso il pronto [&hellip;]\" \/>\n<meta property=\"og:url\" content=\"https:\/\/2017.carnico.it\/blog\/2014\/07\/14\/forza-rossano\/\" \/>\n<meta property=\"og:site_name\" content=\"Campionato Carnico 2017\" \/>\n<meta property=\"article:publisher\" content=\"https:\/\/www.facebook.com\/campionatocarnico\/\" \/>\n<meta property=\"article:published_time\" content=\"2014-07-14T15:21:38+00:00\" \/>\n<meta property=\"article:modified_time\" content=\"2014-07-15T16:22:42+00:00\" \/>\n<meta property=\"og:image\" content=\"https:\/\/www.carnico.it\/blog\/wp-content\/uploads\/2014\/07\/1_rossano_del-frate-140x250.jpg\" \/>\n<meta name=\"author\" content=\"Redazione\" \/>\n<meta name=\"twitter:card\" content=\"summary_large_image\" \/>\n<meta name=\"twitter:label1\" content=\"Scritto da\" \/>\n\t<meta name=\"twitter:data1\" content=\"Redazione\" \/>\n\t<meta name=\"twitter:label2\" content=\"Tempo di lettura stimato\" \/>\n\t<meta name=\"twitter:data2\" content=\"1 minuto\" \/>\n<script type=\"application\/ld+json\" class=\"yoast-schema-graph\">{\"@context\":\"https:\\\/\\\/schema.org\",\"@graph\":[{\"@type\":\"Article\",\"@id\":\"https:\\\/\\\/2017.carnico.it\\\/blog\\\/2014\\\/07\\\/14\\\/forza-rossano\\\/#article\",\"isPartOf\":{\"@id\":\"https:\\\/\\\/2017.carnico.it\\\/blog\\\/2014\\\/07\\\/14\\\/forza-rossano\\\/\"},\"author\":{\"name\":\"Redazione\",\"@id\":\"https:\\\/\\\/2017.carnico.it\\\/blog\\\/#\\\/schema\\\/person\\\/a68c764693d96df3238f123ea014e78c\"},\"headline\":\"FORZA ROSSANO!\",\"datePublished\":\"2014-07-14T15:21:38+00:00\",\"dateModified\":\"2014-07-15T16:22:42+00:00\",\"mainEntityOfPage\":{\"@id\":\"https:\\\/\\\/2017.carnico.it\\\/blog\\\/2014\\\/07\\\/14\\\/forza-rossano\\\/\"},\"wordCount\":241,\"commentCount\":5,\"image\":{\"@id\":\"https:\\\/\\\/2017.carnico.it\\\/blog\\\/2014\\\/07\\\/14\\\/forza-rossano\\\/#primaryimage\"},\"thumbnailUrl\":\"https:\\\/\\\/www.carnico.it\\\/blog\\\/wp-content\\\/uploads\\\/2014\\\/07\\\/1_rossano_del-frate-140x250.jpg\",\"articleSection\":[\"Carnico\",\"Varie\"],\"inLanguage\":\"it-IT\",\"potentialAction\":[{\"@type\":\"CommentAction\",\"name\":\"Comment\",\"target\":[\"https:\\\/\\\/2017.carnico.it\\\/blog\\\/2014\\\/07\\\/14\\\/forza-rossano\\\/#respond\"]}]},{\"@type\":\"WebPage\",\"@id\":\"https:\\\/\\\/2017.carnico.it\\\/blog\\\/2014\\\/07\\\/14\\\/forza-rossano\\\/\",\"url\":\"https:\\\/\\\/2017.carnico.it\\\/blog\\\/2014\\\/07\\\/14\\\/forza-rossano\\\/\",\"name\":\"FORZA ROSSANO! - Campionato Carnico 2017\",\"isPartOf\":{\"@id\":\"https:\\\/\\\/2017.carnico.it\\\/blog\\\/#website\"},\"primaryImageOfPage\":{\"@id\":\"https:\\\/\\\/2017.carnico.it\\\/blog\\\/2014\\\/07\\\/14\\\/forza-rossano\\\/#primaryimage\"},\"image\":{\"@id\":\"https:\\\/\\\/2017.carnico.it\\\/blog\\\/2014\\\/07\\\/14\\\/forza-rossano\\\/#primaryimage\"},\"thumbnailUrl\":\"https:\\\/\\\/www.carnico.it\\\/blog\\\/wp-content\\\/uploads\\\/2014\\\/07\\\/1_rossano_del-frate-140x250.jpg\",\"datePublished\":\"2014-07-14T15:21:38+00:00\",\"dateModified\":\"2014-07-15T16:22:42+00:00\",\"author\":{\"@id\":\"https:\\\/\\\/2017.carnico.it\\\/blog\\\/#\\\/schema\\\/person\\\/a68c764693d96df3238f123ea014e78c\"},\"breadcrumb\":{\"@id\":\"https:\\\/\\\/2017.carnico.it\\\/blog\\\/2014\\\/07\\\/14\\\/forza-rossano\\\/#breadcrumb\"},\"inLanguage\":\"it-IT\",\"potentialAction\":[{\"@type\":\"ReadAction\",\"target\":[\"https:\\\/\\\/2017.carnico.it\\\/blog\\\/2014\\\/07\\\/14\\\/forza-rossano\\\/\"]}]},{\"@type\":\"ImageObject\",\"inLanguage\":\"it-IT\",\"@id\":\"https:\\\/\\\/2017.carnico.it\\\/blog\\\/2014\\\/07\\\/14\\\/forza-rossano\\\/#primaryimage\",\"url\":\"https:\\\/\\\/www.carnico.it\\\/blog\\\/wp-content\\\/uploads\\\/2014\\\/07\\\/1_rossano_del-frate-140x250.jpg\",\"contentUrl\":\"https:\\\/\\\/www.carnico.it\\\/blog\\\/wp-content\\\/uploads\\\/2014\\\/07\\\/1_rossano_del-frate-140x250.jpg\"},{\"@type\":\"BreadcrumbList\",\"@id\":\"https:\\\/\\\/2017.carnico.it\\\/blog\\\/2014\\\/07\\\/14\\\/forza-rossano\\\/#breadcrumb\",\"itemListElement\":[{\"@type\":\"ListItem\",\"position\":1,\"name\":\"Home\",\"item\":\"https:\\\/\\\/2017.carnico.it\\\/blog\\\/\"},{\"@type\":\"ListItem\",\"position\":2,\"name\":\"FORZA ROSSANO!\"}]},{\"@type\":\"WebSite\",\"@id\":\"https:\\\/\\\/2017.carnico.it\\\/blog\\\/#website\",\"url\":\"https:\\\/\\\/2017.carnico.it\\\/blog\\\/\",\"name\":\"Campionato Carnico 2017\",\"description\":\"Notizie e aggiornamenti in tempo reale sul campionato Carnico\",\"potentialAction\":[{\"@type\":\"SearchAction\",\"target\":{\"@type\":\"EntryPoint\",\"urlTemplate\":\"https:\\\/\\\/2017.carnico.it\\\/blog\\\/?s={search_term_string}\"},\"query-input\":{\"@type\":\"PropertyValueSpecification\",\"valueRequired\":true,\"valueName\":\"search_term_string\"}}],\"inLanguage\":\"it-IT\"},{\"@type\":\"Person\",\"@id\":\"https:\\\/\\\/2017.carnico.it\\\/blog\\\/#\\\/schema\\\/person\\\/a68c764693d96df3238f123ea014e78c\",\"name\":\"Redazione\",\"image\":{\"@type\":\"ImageObject\",\"inLanguage\":\"it-IT\",\"@id\":\"https:\\\/\\\/secure.gravatar.com\\\/avatar\\\/6c05bd4dddbea475e283f76b4aa2d778ecb35c06fd92df5f6e0cac552163e2ac?s=96&d=mm&r=g\",\"url\":\"https:\\\/\\\/secure.gravatar.com\\\/avatar\\\/6c05bd4dddbea475e283f76b4aa2d778ecb35c06fd92df5f6e0cac552163e2ac?s=96&d=mm&r=g\",\"contentUrl\":\"https:\\\/\\\/secure.gravatar.com\\\/avatar\\\/6c05bd4dddbea475e283f76b4aa2d778ecb35c06fd92df5f6e0cac552163e2ac?s=96&d=mm&r=g\",\"caption\":\"Redazione\"},\"url\":\"https:\\\/\\\/2017.carnico.it\\\/blog\\\/author\\\/clyco-admin\\\/\"}]}<\/script>\n<!-- \/ Yoast SEO plugin. -->","yoast_head_json":{"title":"FORZA ROSSANO! - Campionato Carnico 2017","robots":{"index":"index","follow":"follow","max-snippet":"max-snippet:-1","max-image-preview":"max-image-preview:large","max-video-preview":"max-video-preview:-1"},"canonical":"https:\/\/2017.carnico.it\/blog\/2014\/07\/14\/forza-rossano\/","og_locale":"it_IT","og_type":"article","og_title":"FORZA ROSSANO! - Campionato Carnico 2017","og_description":"Rossano Del Frate, l\u2019allenatore che dopo 24 anni nel 2011 ha riportato la Coppa nel paese dei Mobilieri, \u00e8 ricoverato da sabato notte presso l\u2019Ospedale di Udine. Terminata da poco la partita del suo \u201cTilly\u2019s\u201d (squadra del campionato amatori di Sutrio), Rossano, allarmato da un forte dolore al torace, decide di recarsi presso il pronto [&hellip;]","og_url":"https:\/\/2017.carnico.it\/blog\/2014\/07\/14\/forza-rossano\/","og_site_name":"Campionato Carnico 2017","article_publisher":"https:\/\/www.facebook.com\/campionatocarnico\/","article_published_time":"2014-07-14T15:21:38+00:00","article_modified_time":"2014-07-15T16:22:42+00:00","og_image":[{"url":"https:\/\/www.carnico.it\/blog\/wp-content\/uploads\/2014\/07\/1_rossano_del-frate-140x250.jpg","type":"","width":"","height":""}],"author":"Redazione","twitter_card":"summary_large_image","twitter_misc":{"Scritto da":"Redazione","Tempo di lettura stimato":"1 minuto"},"schema":{"@context":"https:\/\/schema.org","@graph":[{"@type":"Article","@id":"https:\/\/2017.carnico.it\/blog\/2014\/07\/14\/forza-rossano\/#article","isPartOf":{"@id":"https:\/\/2017.carnico.it\/blog\/2014\/07\/14\/forza-rossano\/"},"author":{"name":"Redazione","@id":"https:\/\/2017.carnico.it\/blog\/#\/schema\/person\/a68c764693d96df3238f123ea014e78c"},"headline":"FORZA ROSSANO!","datePublished":"2014-07-14T15:21:38+00:00","dateModified":"2014-07-15T16:22:42+00:00","mainEntityOfPage":{"@id":"https:\/\/2017.carnico.it\/blog\/2014\/07\/14\/forza-rossano\/"},"wordCount":241,"commentCount":5,"image":{"@id":"https:\/\/2017.carnico.it\/blog\/2014\/07\/14\/forza-rossano\/#primaryimage"},"thumbnailUrl":"https:\/\/www.carnico.it\/blog\/wp-content\/uploads\/2014\/07\/1_rossano_del-frate-140x250.jpg","articleSection":["Carnico","Varie"],"inLanguage":"it-IT","potentialAction":[{"@type":"CommentAction","name":"Comment","target":["https:\/\/2017.carnico.it\/blog\/2014\/07\/14\/forza-rossano\/#respond"]}]},{"@type":"WebPage","@id":"https:\/\/2017.carnico.it\/blog\/2014\/07\/14\/forza-rossano\/","url":"https:\/\/2017.carnico.it\/blog\/2014\/07\/14\/forza-rossano\/","name":"FORZA ROSSANO! - Campionato Carnico 2017","isPartOf":{"@id":"https:\/\/2017.carnico.it\/blog\/#website"},"primaryImageOfPage":{"@id":"https:\/\/2017.carnico.it\/blog\/2014\/07\/14\/forza-rossano\/#primaryimage"},"image":{"@id":"https:\/\/2017.carnico.it\/blog\/2014\/07\/14\/forza-rossano\/#primaryimage"},"thumbnailUrl":"https:\/\/www.carnico.it\/blog\/wp-content\/uploads\/2014\/07\/1_rossano_del-frate-140x250.jpg","datePublished":"2014-07-14T15:21:38+00:00","dateModified":"2014-07-15T16:22:42+00:00","author":{"@id":"https:\/\/2017.carnico.it\/blog\/#\/schema\/person\/a68c764693d96df3238f123ea014e78c"},"breadcrumb":{"@id":"https:\/\/2017.carnico.it\/blog\/2014\/07\/14\/forza-rossano\/#breadcrumb"},"inLanguage":"it-IT","potentialAction":[{"@type":"ReadAction","target":["https:\/\/2017.carnico.it\/blog\/2014\/07\/14\/forza-rossano\/"]}]},{"@type":"ImageObject","inLanguage":"it-IT","@id":"https:\/\/2017.carnico.it\/blog\/2014\/07\/14\/forza-rossano\/#primaryimage","url":"https:\/\/www.carnico.it\/blog\/wp-content\/uploads\/2014\/07\/1_rossano_del-frate-140x250.jpg","contentUrl":"https:\/\/www.carnico.it\/blog\/wp-content\/uploads\/2014\/07\/1_rossano_del-frate-140x250.jpg"},{"@type":"BreadcrumbList","@id":"https:\/\/2017.carnico.it\/blog\/2014\/07\/14\/forza-rossano\/#breadcrumb","itemListElement":[{"@type":"ListItem","position":1,"name":"Home","item":"https:\/\/2017.carnico.it\/blog\/"},{"@type":"ListItem","position":2,"name":"FORZA ROSSANO!"}]},{"@type":"WebSite","@id":"https:\/\/2017.carnico.it\/blog\/#website","url":"https:\/\/2017.carnico.it\/blog\/","name":"Campionato Carnico 2017","description":"Notizie e aggiornamenti in tempo reale sul campionato Carnico","potentialAction":[{"@type":"SearchAction","target":{"@type":"EntryPoint","urlTemplate":"https:\/\/2017.carnico.it\/blog\/?s={search_term_string}"},"query-input":{"@type":"PropertyValueSpecification","valueRequired":true,"valueName":"search_term_string"}}],"inLanguage":"it-IT"},{"@type":"Person","@id":"https:\/\/2017.carnico.it\/blog\/#\/schema\/person\/a68c764693d96df3238f123ea014e78c","name":"Redazione","image":{"@type":"ImageObject","inLanguage":"it-IT","@id":"https:\/\/secure.gravatar.com\/avatar\/6c05bd4dddbea475e283f76b4aa2d778ecb35c06fd92df5f6e0cac552163e2ac?s=96&d=mm&r=g","url":"https:\/\/secure.gravatar.com\/avatar\/6c05bd4dddbea475e283f76b4aa2d778ecb35c06fd92df5f6e0cac552163e2ac?s=96&d=mm&r=g","contentUrl":"https:\/\/secure.gravatar.com\/avatar\/6c05bd4dddbea475e283f76b4aa2d778ecb35c06fd92df5f6e0cac552163e2ac?s=96&d=mm&r=g","caption":"Redazione"},"url":"https:\/\/2017.carnico.it\/blog\/author\/clyco-admin\/"}]}},"_links":{"self":[{"href":"https:\/\/2017.carnico.it\/blog\/wp-json\/wp\/v2\/posts\/10623","targetHints":{"allow":["GET"]}}],"collection":[{"href":"https:\/\/2017.carnico.it\/blog\/wp-json\/wp\/v2\/posts"}],"about":[{"href":"https:\/\/2017.carnico.it\/blog\/wp-json\/wp\/v2\/types\/post"}],"author":[{"embeddable":true,"href":"https:\/\/2017.carnico.it\/blog\/wp-json\/wp\/v2\/users\/10"}],"replies":[{"embeddable":true,"href":"https:\/\/2017.carnico.it\/blog\/wp-json\/wp\/v2\/comments?post=10623"}],"version-history":[{"count":5,"href":"https:\/\/2017.carnico.it\/blog\/wp-json\/wp\/v2\/posts\/10623\/revisions"}],"predecessor-version":[{"id":10645,"href":"https:\/\/2017.carnico.it\/blog\/wp-json\/wp\/v2\/posts\/10623\/revisions\/10645"}],"wp:attachment":[{"href":"https:\/\/2017.carnico.it\/blog\/wp-json\/wp\/v2\/media?parent=10623"}],"wp:term":[{"taxonomy":"category","embeddable":true,"href":"https:\/\/2017.carnico.it\/blog\/wp-json\/wp\/v2\/categories?post=10623"},{"taxonomy":"post_tag","embeddable":true,"href":"https:\/\/2017.carnico.it\/blog\/wp-json\/wp\/v2\/tags?post=10623"}],"curies":[{"name":"wp","href":"https:\/\/api.w.org\/{rel}","templated":true}]}}