{"id":10319,"date":"2014-05-29T21:45:28","date_gmt":"2014-05-29T19:45:28","guid":{"rendered":"http:\/\/www.carnico.it\/blog\/?p=10319"},"modified":"2014-05-29T21:46:37","modified_gmt":"2014-05-29T19:46:37","slug":"al-via-il-torneo-parco-delle-colline-carniche","status":"publish","type":"post","link":"https:\/\/2017.carnico.it\/blog\/2014\/05\/29\/al-via-il-torneo-parco-delle-colline-carniche\/","title":{"rendered":"AL VIA IL TORNEO &#8220;PARCO DELLE COLLINE CARNICHE&#8221;"},"content":{"rendered":"<p><a href=\"https:\/\/www.carnico.it\/blog\/2014\/05\/29\/al-via-il-torneo-parco-delle-colline-carniche\/colline-carniche\/\" rel=\"attachment wp-att-10320\"><img loading=\"lazy\" decoding=\"async\" class=\"alignleft size-medium wp-image-10320\" src=\"https:\/\/www.carnico.it\/blog\/wp-content\/uploads\/2014\/05\/colline-carniche-300x199.jpg\" alt=\"colline carniche\" width=\"300\" height=\"199\" srcset=\"https:\/\/2017.carnico.it\/blog\/wp-content\/uploads\/2014\/05\/colline-carniche-300x199.jpg 300w, https:\/\/2017.carnico.it\/blog\/wp-content\/uploads\/2014\/05\/colline-carniche-450x299.jpg 450w, https:\/\/2017.carnico.it\/blog\/wp-content\/uploads\/2014\/05\/colline-carniche-630x419.jpg 630w, https:\/\/2017.carnico.it\/blog\/wp-content\/uploads\/2014\/05\/colline-carniche.jpg 640w\" sizes=\"auto, (max-width: 300px) 100vw, 300px\" \/><\/a>Sar\u00e0 Viscontini Milano contro l\u2019Akademie Karnten ad aprire al campo sportivo comunale di Tolmezzo la sesta edizione del Torneo Internazionale di calcio giovanile Parco delle colline carniche &#8211; Alpe Adria Errea Cup. <em>(Nella foto di Renato Damiani, il presidente regionale Toffoletto presenta la manifestazione).<\/em> L\u2019incontro \u00e8 previsto per le 10.00 di sabato 31 maggio. Il calendario del torneo, che vedr\u00e0 protagoniste 8 squadre della categoria giovanissimi suddivise in due gironi, si sviluppa su due giorni, con la finalissima prevista a Villa Santina, al Campo Sportivo \u201cdei Pini\u201d, domenica 1 giugno alle 17.30. <!--more-->Il torneo \u00e8 stato presentato nel negozio ERREA Sport Point Udine, alla presenza del presidente della FIGC regionale Gianni Toffoletto. La fase del torneo riservato ai pulcini \u00e8 programmata invece per domenica 8 giugno, mentre luned\u00ec 9 si svolger\u00e0 il secondo momento della Giornata Europea 2014, con Laboratori tematici a cura di Damatr\u00e0 sui temi della corretta alimentazione e del movimento come prevenzione al sovrappeso.<br \/>\nInterverranno Nazareno Petrichiutto, collaboratore del settore giovanile e scolastico F.I.G.C. del Friuli Venezia Giulia e Denise Di Bernardo, del dipartimento di prevenzione dell\u2019ASS n\u00b0 3 \u201cAlto Friuli\u201d.<br \/>\nQuesto momento rappresenta la naturale prosecuzione del convegno organizzato nell\u2019ambito del trofeo dell\u2019anno scorso, quando si evidenzi\u00f2 il 30% degli alunni dell&#8217;Istituto comprensivo &#8220;Val Tagliamento&#8221; \u00e8 in una situazione di sovrappeso.<\/p>\n<p>Il calendario del torneo categoria giovanissimi.<\/p>\n<p>Fase eliminatoria, sabato 31 maggio:<br \/>\nGirone A:<br \/>\nViscontini, A. Karnten, Bibione, Gemonese<br \/>\nsabato 31 maggio<br \/>\nh.10.00 Viscontini-Karnten (a Tolmezzo)<br \/>\nh. 15.30 Bibione-Gemonese (Villa Santina)<br \/>\nh. 18.00 Viscontini-Gemonese (Tolmezzo)<br \/>\nh.18.00 Karnten-Bibione (Villa Santina)<\/p>\n<p>Girone B:<br \/>\nUdinese, Ancona, Tolmezzo, Gorizia<br \/>\nh. 10.00 Udinese.Ancona (Lauco)<br \/>\nh. 10.00 Tolmezzo-Gorizia (Raveo)<br \/>\nh.16.00 Udinese-Tolmezzo (Lauco)<br \/>\nh. 16.00 Ancona-Gorizia (Raveo)<\/p>\n<p>Domenica 1 giugno:<br \/>\nGirone A<br \/>\nh. 9.30 Karnten-Gemonese (Villa Santina)<br \/>\nh. 10.45 Viscontini-Bibione (Villa Santina)<\/p>\n<p>Girone B:<br \/>\nh. 9.30 Ancona-Tolmezzo (Lauco)<br \/>\nh. 10.45 Udinese-Gorizia (Lauco)<\/p>\n<p>Fase finale (Villa Santina, Campo Sportivo \u201cdei Pini\u201d)<br \/>\n14.30 finale 7\u00b0-8\u00b0 posto<br \/>\n15.30 finale 5\u00b0-6\u00b0 posto<br \/>\n16.30 finale 3\u00b0-4\u00b0 posto<br \/>\n17.30 finale 1\u00b0-2\u00b0 posto<br \/>\n18.45 Cerimonia di chiusura &#8211; premiazioni.<\/p>\n<p>Per maggiori info:<br \/>\nStefano Mecchia 328 6551149<br \/>\nFrancesco Sciusco 331 9528644<\/p>\n","protected":false},"excerpt":{"rendered":"<p>Sar\u00e0 Viscontini Milano contro l\u2019Akademie Karnten ad aprire al campo sportivo comunale di Tolmezzo la sesta edizione del Torneo Internazionale di calcio giovanile Parco delle colline carniche &#8211; Alpe Adria Errea Cup. (Nella foto di Renato Damiani, il presidente regionale Toffoletto presenta la manifestazione). L\u2019incontro \u00e8 previsto per le 10.00 di sabato 31 maggio. Il [&hellip;]<\/p>\n","protected":false},"author":10,"featured_media":0,"comment_status":"open","ping_status":"closed","sticky":false,"template":"","format":"standard","meta":{"footnotes":""},"categories":[3,5],"tags":[],"class_list":["post-10319","post","type-post","status-publish","format-standard","hentry","category-carnico","category-varie"],"yoast_head":"<!-- This site is optimized with the Yoast SEO plugin v27.3 - https:\/\/yoast.com\/product\/yoast-seo-wordpress\/ -->\n<title>AL VIA IL TORNEO &quot;PARCO DELLE COLLINE CARNICHE&quot; - Campionato Carnico 2017<\/title>\n<meta name=\"robots\" content=\"index, follow, max-snippet:-1, max-image-preview:large, max-video-preview:-1\" \/>\n<link rel=\"canonical\" href=\"https:\/\/2017.carnico.it\/blog\/2014\/05\/29\/al-via-il-torneo-parco-delle-colline-carniche\/\" \/>\n<meta property=\"og:locale\" content=\"it_IT\" \/>\n<meta property=\"og:type\" content=\"article\" \/>\n<meta property=\"og:title\" content=\"AL VIA IL TORNEO &quot;PARCO DELLE COLLINE CARNICHE&quot; - Campionato Carnico 2017\" \/>\n<meta property=\"og:description\" content=\"Sar\u00e0 Viscontini Milano contro l\u2019Akademie Karnten ad aprire al campo sportivo comunale di Tolmezzo la sesta edizione del Torneo Internazionale di calcio giovanile Parco delle colline carniche &#8211; Alpe Adria Errea Cup. (Nella foto di Renato Damiani, il presidente regionale Toffoletto presenta la manifestazione). L\u2019incontro \u00e8 previsto per le 10.00 di sabato 31 maggio. Il [&hellip;]\" \/>\n<meta property=\"og:url\" content=\"https:\/\/2017.carnico.it\/blog\/2014\/05\/29\/al-via-il-torneo-parco-delle-colline-carniche\/\" \/>\n<meta property=\"og:site_name\" content=\"Campionato Carnico 2017\" \/>\n<meta property=\"article:publisher\" content=\"https:\/\/www.facebook.com\/campionatocarnico\/\" \/>\n<meta property=\"article:published_time\" content=\"2014-05-29T19:45:28+00:00\" \/>\n<meta property=\"article:modified_time\" content=\"2014-05-29T19:46:37+00:00\" \/>\n<meta property=\"og:image\" content=\"https:\/\/www.carnico.it\/blog\/wp-content\/uploads\/2014\/05\/colline-carniche-300x199.jpg\" \/>\n<meta name=\"author\" content=\"Redazione\" \/>\n<meta name=\"twitter:card\" content=\"summary_large_image\" \/>\n<meta name=\"twitter:label1\" content=\"Scritto da\" \/>\n\t<meta name=\"twitter:data1\" content=\"Redazione\" \/>\n\t<meta name=\"twitter:label2\" content=\"Tempo di lettura stimato\" \/>\n\t<meta name=\"twitter:data2\" content=\"2 minuti\" \/>\n<script type=\"application\/ld+json\" class=\"yoast-schema-graph\">{\"@context\":\"https:\\\/\\\/schema.org\",\"@graph\":[{\"@type\":\"Article\",\"@id\":\"https:\\\/\\\/2017.carnico.it\\\/blog\\\/2014\\\/05\\\/29\\\/al-via-il-torneo-parco-delle-colline-carniche\\\/#article\",\"isPartOf\":{\"@id\":\"https:\\\/\\\/2017.carnico.it\\\/blog\\\/2014\\\/05\\\/29\\\/al-via-il-torneo-parco-delle-colline-carniche\\\/\"},\"author\":{\"name\":\"Redazione\",\"@id\":\"https:\\\/\\\/2017.carnico.it\\\/blog\\\/#\\\/schema\\\/person\\\/a68c764693d96df3238f123ea014e78c\"},\"headline\":\"AL VIA IL TORNEO &#8220;PARCO DELLE COLLINE CARNICHE&#8221;\",\"datePublished\":\"2014-05-29T19:45:28+00:00\",\"dateModified\":\"2014-05-29T19:46:37+00:00\",\"mainEntityOfPage\":{\"@id\":\"https:\\\/\\\/2017.carnico.it\\\/blog\\\/2014\\\/05\\\/29\\\/al-via-il-torneo-parco-delle-colline-carniche\\\/\"},\"wordCount\":323,\"commentCount\":1,\"image\":{\"@id\":\"https:\\\/\\\/2017.carnico.it\\\/blog\\\/2014\\\/05\\\/29\\\/al-via-il-torneo-parco-delle-colline-carniche\\\/#primaryimage\"},\"thumbnailUrl\":\"https:\\\/\\\/www.carnico.it\\\/blog\\\/wp-content\\\/uploads\\\/2014\\\/05\\\/colline-carniche-300x199.jpg\",\"articleSection\":[\"Carnico\",\"Varie\"],\"inLanguage\":\"it-IT\",\"potentialAction\":[{\"@type\":\"CommentAction\",\"name\":\"Comment\",\"target\":[\"https:\\\/\\\/2017.carnico.it\\\/blog\\\/2014\\\/05\\\/29\\\/al-via-il-torneo-parco-delle-colline-carniche\\\/#respond\"]}]},{\"@type\":\"WebPage\",\"@id\":\"https:\\\/\\\/2017.carnico.it\\\/blog\\\/2014\\\/05\\\/29\\\/al-via-il-torneo-parco-delle-colline-carniche\\\/\",\"url\":\"https:\\\/\\\/2017.carnico.it\\\/blog\\\/2014\\\/05\\\/29\\\/al-via-il-torneo-parco-delle-colline-carniche\\\/\",\"name\":\"AL VIA IL TORNEO \\\"PARCO DELLE COLLINE CARNICHE\\\" - Campionato Carnico 2017\",\"isPartOf\":{\"@id\":\"https:\\\/\\\/2017.carnico.it\\\/blog\\\/#website\"},\"primaryImageOfPage\":{\"@id\":\"https:\\\/\\\/2017.carnico.it\\\/blog\\\/2014\\\/05\\\/29\\\/al-via-il-torneo-parco-delle-colline-carniche\\\/#primaryimage\"},\"image\":{\"@id\":\"https:\\\/\\\/2017.carnico.it\\\/blog\\\/2014\\\/05\\\/29\\\/al-via-il-torneo-parco-delle-colline-carniche\\\/#primaryimage\"},\"thumbnailUrl\":\"https:\\\/\\\/www.carnico.it\\\/blog\\\/wp-content\\\/uploads\\\/2014\\\/05\\\/colline-carniche-300x199.jpg\",\"datePublished\":\"2014-05-29T19:45:28+00:00\",\"dateModified\":\"2014-05-29T19:46:37+00:00\",\"author\":{\"@id\":\"https:\\\/\\\/2017.carnico.it\\\/blog\\\/#\\\/schema\\\/person\\\/a68c764693d96df3238f123ea014e78c\"},\"breadcrumb\":{\"@id\":\"https:\\\/\\\/2017.carnico.it\\\/blog\\\/2014\\\/05\\\/29\\\/al-via-il-torneo-parco-delle-colline-carniche\\\/#breadcrumb\"},\"inLanguage\":\"it-IT\",\"potentialAction\":[{\"@type\":\"ReadAction\",\"target\":[\"https:\\\/\\\/2017.carnico.it\\\/blog\\\/2014\\\/05\\\/29\\\/al-via-il-torneo-parco-delle-colline-carniche\\\/\"]}]},{\"@type\":\"ImageObject\",\"inLanguage\":\"it-IT\",\"@id\":\"https:\\\/\\\/2017.carnico.it\\\/blog\\\/2014\\\/05\\\/29\\\/al-via-il-torneo-parco-delle-colline-carniche\\\/#primaryimage\",\"url\":\"https:\\\/\\\/www.carnico.it\\\/blog\\\/wp-content\\\/uploads\\\/2014\\\/05\\\/colline-carniche-300x199.jpg\",\"contentUrl\":\"https:\\\/\\\/www.carnico.it\\\/blog\\\/wp-content\\\/uploads\\\/2014\\\/05\\\/colline-carniche-300x199.jpg\"},{\"@type\":\"BreadcrumbList\",\"@id\":\"https:\\\/\\\/2017.carnico.it\\\/blog\\\/2014\\\/05\\\/29\\\/al-via-il-torneo-parco-delle-colline-carniche\\\/#breadcrumb\",\"itemListElement\":[{\"@type\":\"ListItem\",\"position\":1,\"name\":\"Home\",\"item\":\"https:\\\/\\\/2017.carnico.it\\\/blog\\\/\"},{\"@type\":\"ListItem\",\"position\":2,\"name\":\"AL VIA IL TORNEO &#8220;PARCO DELLE COLLINE CARNICHE&#8221;\"}]},{\"@type\":\"WebSite\",\"@id\":\"https:\\\/\\\/2017.carnico.it\\\/blog\\\/#website\",\"url\":\"https:\\\/\\\/2017.carnico.it\\\/blog\\\/\",\"name\":\"Campionato Carnico 2017\",\"description\":\"Notizie e aggiornamenti in tempo reale sul campionato Carnico\",\"potentialAction\":[{\"@type\":\"SearchAction\",\"target\":{\"@type\":\"EntryPoint\",\"urlTemplate\":\"https:\\\/\\\/2017.carnico.it\\\/blog\\\/?s={search_term_string}\"},\"query-input\":{\"@type\":\"PropertyValueSpecification\",\"valueRequired\":true,\"valueName\":\"search_term_string\"}}],\"inLanguage\":\"it-IT\"},{\"@type\":\"Person\",\"@id\":\"https:\\\/\\\/2017.carnico.it\\\/blog\\\/#\\\/schema\\\/person\\\/a68c764693d96df3238f123ea014e78c\",\"name\":\"Redazione\",\"image\":{\"@type\":\"ImageObject\",\"inLanguage\":\"it-IT\",\"@id\":\"https:\\\/\\\/secure.gravatar.com\\\/avatar\\\/6c05bd4dddbea475e283f76b4aa2d778ecb35c06fd92df5f6e0cac552163e2ac?s=96&d=mm&r=g\",\"url\":\"https:\\\/\\\/secure.gravatar.com\\\/avatar\\\/6c05bd4dddbea475e283f76b4aa2d778ecb35c06fd92df5f6e0cac552163e2ac?s=96&d=mm&r=g\",\"contentUrl\":\"https:\\\/\\\/secure.gravatar.com\\\/avatar\\\/6c05bd4dddbea475e283f76b4aa2d778ecb35c06fd92df5f6e0cac552163e2ac?s=96&d=mm&r=g\",\"caption\":\"Redazione\"},\"url\":\"https:\\\/\\\/2017.carnico.it\\\/blog\\\/author\\\/clyco-admin\\\/\"}]}<\/script>\n<!-- \/ Yoast SEO plugin. -->","yoast_head_json":{"title":"AL VIA IL TORNEO \"PARCO DELLE COLLINE CARNICHE\" - Campionato Carnico 2017","robots":{"index":"index","follow":"follow","max-snippet":"max-snippet:-1","max-image-preview":"max-image-preview:large","max-video-preview":"max-video-preview:-1"},"canonical":"https:\/\/2017.carnico.it\/blog\/2014\/05\/29\/al-via-il-torneo-parco-delle-colline-carniche\/","og_locale":"it_IT","og_type":"article","og_title":"AL VIA IL TORNEO \"PARCO DELLE COLLINE CARNICHE\" - Campionato Carnico 2017","og_description":"Sar\u00e0 Viscontini Milano contro l\u2019Akademie Karnten ad aprire al campo sportivo comunale di Tolmezzo la sesta edizione del Torneo Internazionale di calcio giovanile Parco delle colline carniche &#8211; Alpe Adria Errea Cup. (Nella foto di Renato Damiani, il presidente regionale Toffoletto presenta la manifestazione). L\u2019incontro \u00e8 previsto per le 10.00 di sabato 31 maggio. Il [&hellip;]","og_url":"https:\/\/2017.carnico.it\/blog\/2014\/05\/29\/al-via-il-torneo-parco-delle-colline-carniche\/","og_site_name":"Campionato Carnico 2017","article_publisher":"https:\/\/www.facebook.com\/campionatocarnico\/","article_published_time":"2014-05-29T19:45:28+00:00","article_modified_time":"2014-05-29T19:46:37+00:00","og_image":[{"url":"https:\/\/www.carnico.it\/blog\/wp-content\/uploads\/2014\/05\/colline-carniche-300x199.jpg","type":"","width":"","height":""}],"author":"Redazione","twitter_card":"summary_large_image","twitter_misc":{"Scritto da":"Redazione","Tempo di lettura stimato":"2 minuti"},"schema":{"@context":"https:\/\/schema.org","@graph":[{"@type":"Article","@id":"https:\/\/2017.carnico.it\/blog\/2014\/05\/29\/al-via-il-torneo-parco-delle-colline-carniche\/#article","isPartOf":{"@id":"https:\/\/2017.carnico.it\/blog\/2014\/05\/29\/al-via-il-torneo-parco-delle-colline-carniche\/"},"author":{"name":"Redazione","@id":"https:\/\/2017.carnico.it\/blog\/#\/schema\/person\/a68c764693d96df3238f123ea014e78c"},"headline":"AL VIA IL TORNEO &#8220;PARCO DELLE COLLINE CARNICHE&#8221;","datePublished":"2014-05-29T19:45:28+00:00","dateModified":"2014-05-29T19:46:37+00:00","mainEntityOfPage":{"@id":"https:\/\/2017.carnico.it\/blog\/2014\/05\/29\/al-via-il-torneo-parco-delle-colline-carniche\/"},"wordCount":323,"commentCount":1,"image":{"@id":"https:\/\/2017.carnico.it\/blog\/2014\/05\/29\/al-via-il-torneo-parco-delle-colline-carniche\/#primaryimage"},"thumbnailUrl":"https:\/\/www.carnico.it\/blog\/wp-content\/uploads\/2014\/05\/colline-carniche-300x199.jpg","articleSection":["Carnico","Varie"],"inLanguage":"it-IT","potentialAction":[{"@type":"CommentAction","name":"Comment","target":["https:\/\/2017.carnico.it\/blog\/2014\/05\/29\/al-via-il-torneo-parco-delle-colline-carniche\/#respond"]}]},{"@type":"WebPage","@id":"https:\/\/2017.carnico.it\/blog\/2014\/05\/29\/al-via-il-torneo-parco-delle-colline-carniche\/","url":"https:\/\/2017.carnico.it\/blog\/2014\/05\/29\/al-via-il-torneo-parco-delle-colline-carniche\/","name":"AL VIA IL TORNEO \"PARCO DELLE COLLINE CARNICHE\" - Campionato Carnico 2017","isPartOf":{"@id":"https:\/\/2017.carnico.it\/blog\/#website"},"primaryImageOfPage":{"@id":"https:\/\/2017.carnico.it\/blog\/2014\/05\/29\/al-via-il-torneo-parco-delle-colline-carniche\/#primaryimage"},"image":{"@id":"https:\/\/2017.carnico.it\/blog\/2014\/05\/29\/al-via-il-torneo-parco-delle-colline-carniche\/#primaryimage"},"thumbnailUrl":"https:\/\/www.carnico.it\/blog\/wp-content\/uploads\/2014\/05\/colline-carniche-300x199.jpg","datePublished":"2014-05-29T19:45:28+00:00","dateModified":"2014-05-29T19:46:37+00:00","author":{"@id":"https:\/\/2017.carnico.it\/blog\/#\/schema\/person\/a68c764693d96df3238f123ea014e78c"},"breadcrumb":{"@id":"https:\/\/2017.carnico.it\/blog\/2014\/05\/29\/al-via-il-torneo-parco-delle-colline-carniche\/#breadcrumb"},"inLanguage":"it-IT","potentialAction":[{"@type":"ReadAction","target":["https:\/\/2017.carnico.it\/blog\/2014\/05\/29\/al-via-il-torneo-parco-delle-colline-carniche\/"]}]},{"@type":"ImageObject","inLanguage":"it-IT","@id":"https:\/\/2017.carnico.it\/blog\/2014\/05\/29\/al-via-il-torneo-parco-delle-colline-carniche\/#primaryimage","url":"https:\/\/www.carnico.it\/blog\/wp-content\/uploads\/2014\/05\/colline-carniche-300x199.jpg","contentUrl":"https:\/\/www.carnico.it\/blog\/wp-content\/uploads\/2014\/05\/colline-carniche-300x199.jpg"},{"@type":"BreadcrumbList","@id":"https:\/\/2017.carnico.it\/blog\/2014\/05\/29\/al-via-il-torneo-parco-delle-colline-carniche\/#breadcrumb","itemListElement":[{"@type":"ListItem","position":1,"name":"Home","item":"https:\/\/2017.carnico.it\/blog\/"},{"@type":"ListItem","position":2,"name":"AL VIA IL TORNEO &#8220;PARCO DELLE COLLINE CARNICHE&#8221;"}]},{"@type":"WebSite","@id":"https:\/\/2017.carnico.it\/blog\/#website","url":"https:\/\/2017.carnico.it\/blog\/","name":"Campionato Carnico 2017","description":"Notizie e aggiornamenti in tempo reale sul campionato Carnico","potentialAction":[{"@type":"SearchAction","target":{"@type":"EntryPoint","urlTemplate":"https:\/\/2017.carnico.it\/blog\/?s={search_term_string}"},"query-input":{"@type":"PropertyValueSpecification","valueRequired":true,"valueName":"search_term_string"}}],"inLanguage":"it-IT"},{"@type":"Person","@id":"https:\/\/2017.carnico.it\/blog\/#\/schema\/person\/a68c764693d96df3238f123ea014e78c","name":"Redazione","image":{"@type":"ImageObject","inLanguage":"it-IT","@id":"https:\/\/secure.gravatar.com\/avatar\/6c05bd4dddbea475e283f76b4aa2d778ecb35c06fd92df5f6e0cac552163e2ac?s=96&d=mm&r=g","url":"https:\/\/secure.gravatar.com\/avatar\/6c05bd4dddbea475e283f76b4aa2d778ecb35c06fd92df5f6e0cac552163e2ac?s=96&d=mm&r=g","contentUrl":"https:\/\/secure.gravatar.com\/avatar\/6c05bd4dddbea475e283f76b4aa2d778ecb35c06fd92df5f6e0cac552163e2ac?s=96&d=mm&r=g","caption":"Redazione"},"url":"https:\/\/2017.carnico.it\/blog\/author\/clyco-admin\/"}]}},"_links":{"self":[{"href":"https:\/\/2017.carnico.it\/blog\/wp-json\/wp\/v2\/posts\/10319","targetHints":{"allow":["GET"]}}],"collection":[{"href":"https:\/\/2017.carnico.it\/blog\/wp-json\/wp\/v2\/posts"}],"about":[{"href":"https:\/\/2017.carnico.it\/blog\/wp-json\/wp\/v2\/types\/post"}],"author":[{"embeddable":true,"href":"https:\/\/2017.carnico.it\/blog\/wp-json\/wp\/v2\/users\/10"}],"replies":[{"embeddable":true,"href":"https:\/\/2017.carnico.it\/blog\/wp-json\/wp\/v2\/comments?post=10319"}],"version-history":[{"count":3,"href":"https:\/\/2017.carnico.it\/blog\/wp-json\/wp\/v2\/posts\/10319\/revisions"}],"predecessor-version":[{"id":10323,"href":"https:\/\/2017.carnico.it\/blog\/wp-json\/wp\/v2\/posts\/10319\/revisions\/10323"}],"wp:attachment":[{"href":"https:\/\/2017.carnico.it\/blog\/wp-json\/wp\/v2\/media?parent=10319"}],"wp:term":[{"taxonomy":"category","embeddable":true,"href":"https:\/\/2017.carnico.it\/blog\/wp-json\/wp\/v2\/categories?post=10319"},{"taxonomy":"post_tag","embeddable":true,"href":"https:\/\/2017.carnico.it\/blog\/wp-json\/wp\/v2\/tags?post=10319"}],"curies":[{"name":"wp","href":"https:\/\/api.w.org\/{rel}","templated":true}]}}