{"id":10300,"date":"2014-05-27T20:09:54","date_gmt":"2014-05-27T18:09:54","guid":{"rendered":"http:\/\/www.carnico.it\/blog\/?p=10300"},"modified":"2014-05-27T20:09:54","modified_gmt":"2014-05-27T18:09:54","slug":"a-tarvisio-il-2-memorial-maurizo-siega","status":"publish","type":"post","link":"https:\/\/2017.carnico.it\/blog\/2014\/05\/27\/a-tarvisio-il-2-memorial-maurizo-siega\/","title":{"rendered":"A TARVISIO IL 2\u00b0 &#8220;MEMORIAL MAURIZO SIEGA&#8221;"},"content":{"rendered":"<p><a href=\"https:\/\/www.carnico.it\/blog\/2012\/06\/21\/carnico-in-lutto-e-morto-maurizio-siega\/2003-malborghetto-siega\/\" rel=\"attachment wp-att-7254\"><img loading=\"lazy\" decoding=\"async\" class=\"alignleft size-full wp-image-7254\" src=\"https:\/\/www.carnico.it\/blog\/wp-content\/uploads\/2012\/06\/2003-MALBORGHETTO-Siega.jpg\" alt=\"\" width=\"100\" height=\"116\" \/><\/a>A due anni di distanza dalla sua scomparsa, gli amici di Maurizio Siega vogliono riunirsi per ricordarlo. Lo faranno su un campo di calcio, quello di Tarvisio che porta il suo nome, dove si svolger\u00e0 il 2\u00b0 \u201c Memorial Maurizio Siega\u201d. L\u2019appuntamento \u00e8 fissato per domenica 1 giugno alle ore 11.30. In campo, come si diceva tanti amici di Maurizio, talmente tanti che non \u00e8 stato possibile dare una denominazione alle squadre partecipanti: ci sar\u00e0 una rappresentativa dell\u2019Alto Friuli contro una della Bassa friulana. <!--more-->Del resto lui era conosciuto in tutta la regione e chi l\u2019ha conosciuto, di certo, non lo dimentica. Sar\u00e0 un incontro davvero speciale, al quale tutti possono prendere parte. Purtroppo, Maurizio, mancherai solo tu. Anzi no, ci sarai, sarai insieme a chi \u00e8 l\u00ec per farti capire l\u2019affetto e la stima nei tuoi confronti ed il significato triste della tua assenza \u2026<\/p>\n","protected":false},"excerpt":{"rendered":"<p>A due anni di distanza dalla sua scomparsa, gli amici di Maurizio Siega vogliono riunirsi per ricordarlo. Lo faranno su un campo di calcio, quello di Tarvisio che porta il suo nome, dove si svolger\u00e0 il 2\u00b0 \u201c Memorial Maurizio Siega\u201d. L\u2019appuntamento \u00e8 fissato per domenica 1 giugno alle ore 11.30. In campo, come si [&hellip;]<\/p>\n","protected":false},"author":10,"featured_media":0,"comment_status":"open","ping_status":"closed","sticky":false,"template":"","format":"standard","meta":{"footnotes":""},"categories":[3,5],"tags":[],"class_list":["post-10300","post","type-post","status-publish","format-standard","hentry","category-carnico","category-varie"],"yoast_head":"<!-- This site is optimized with the Yoast SEO plugin v27.3 - https:\/\/yoast.com\/product\/yoast-seo-wordpress\/ -->\n<title>A TARVISIO IL 2\u00b0 &quot;MEMORIAL MAURIZO SIEGA&quot; - Campionato Carnico 2017<\/title>\n<meta name=\"robots\" content=\"index, follow, max-snippet:-1, max-image-preview:large, max-video-preview:-1\" \/>\n<link rel=\"canonical\" href=\"https:\/\/2017.carnico.it\/blog\/2014\/05\/27\/a-tarvisio-il-2-memorial-maurizo-siega\/\" \/>\n<meta property=\"og:locale\" content=\"it_IT\" \/>\n<meta property=\"og:type\" content=\"article\" \/>\n<meta property=\"og:title\" content=\"A TARVISIO IL 2\u00b0 &quot;MEMORIAL MAURIZO SIEGA&quot; - Campionato Carnico 2017\" \/>\n<meta property=\"og:description\" content=\"A due anni di distanza dalla sua scomparsa, gli amici di Maurizio Siega vogliono riunirsi per ricordarlo. Lo faranno su un campo di calcio, quello di Tarvisio che porta il suo nome, dove si svolger\u00e0 il 2\u00b0 \u201c Memorial Maurizio Siega\u201d. L\u2019appuntamento \u00e8 fissato per domenica 1 giugno alle ore 11.30. In campo, come si [&hellip;]\" \/>\n<meta property=\"og:url\" content=\"https:\/\/2017.carnico.it\/blog\/2014\/05\/27\/a-tarvisio-il-2-memorial-maurizo-siega\/\" \/>\n<meta property=\"og:site_name\" content=\"Campionato Carnico 2017\" \/>\n<meta property=\"article:publisher\" content=\"https:\/\/www.facebook.com\/campionatocarnico\/\" \/>\n<meta property=\"article:published_time\" content=\"2014-05-27T18:09:54+00:00\" \/>\n<meta property=\"og:image\" content=\"https:\/\/www.carnico.it\/blog\/wp-content\/uploads\/2012\/06\/2003-MALBORGHETTO-Siega.jpg\" \/>\n<meta name=\"author\" content=\"Redazione\" \/>\n<meta name=\"twitter:card\" content=\"summary_large_image\" \/>\n<meta name=\"twitter:label1\" content=\"Scritto da\" \/>\n\t<meta name=\"twitter:data1\" content=\"Redazione\" \/>\n\t<meta name=\"twitter:label2\" content=\"Tempo di lettura stimato\" \/>\n\t<meta name=\"twitter:data2\" content=\"1 minuto\" \/>\n<script type=\"application\/ld+json\" class=\"yoast-schema-graph\">{\"@context\":\"https:\\\/\\\/schema.org\",\"@graph\":[{\"@type\":\"Article\",\"@id\":\"https:\\\/\\\/2017.carnico.it\\\/blog\\\/2014\\\/05\\\/27\\\/a-tarvisio-il-2-memorial-maurizo-siega\\\/#article\",\"isPartOf\":{\"@id\":\"https:\\\/\\\/2017.carnico.it\\\/blog\\\/2014\\\/05\\\/27\\\/a-tarvisio-il-2-memorial-maurizo-siega\\\/\"},\"author\":{\"name\":\"Redazione\",\"@id\":\"https:\\\/\\\/2017.carnico.it\\\/blog\\\/#\\\/schema\\\/person\\\/a68c764693d96df3238f123ea014e78c\"},\"headline\":\"A TARVISIO IL 2\u00b0 &#8220;MEMORIAL MAURIZO SIEGA&#8221;\",\"datePublished\":\"2014-05-27T18:09:54+00:00\",\"mainEntityOfPage\":{\"@id\":\"https:\\\/\\\/2017.carnico.it\\\/blog\\\/2014\\\/05\\\/27\\\/a-tarvisio-il-2-memorial-maurizo-siega\\\/\"},\"wordCount\":148,\"commentCount\":1,\"image\":{\"@id\":\"https:\\\/\\\/2017.carnico.it\\\/blog\\\/2014\\\/05\\\/27\\\/a-tarvisio-il-2-memorial-maurizo-siega\\\/#primaryimage\"},\"thumbnailUrl\":\"https:\\\/\\\/www.carnico.it\\\/blog\\\/wp-content\\\/uploads\\\/2012\\\/06\\\/2003-MALBORGHETTO-Siega.jpg\",\"articleSection\":[\"Carnico\",\"Varie\"],\"inLanguage\":\"it-IT\",\"potentialAction\":[{\"@type\":\"CommentAction\",\"name\":\"Comment\",\"target\":[\"https:\\\/\\\/2017.carnico.it\\\/blog\\\/2014\\\/05\\\/27\\\/a-tarvisio-il-2-memorial-maurizo-siega\\\/#respond\"]}]},{\"@type\":\"WebPage\",\"@id\":\"https:\\\/\\\/2017.carnico.it\\\/blog\\\/2014\\\/05\\\/27\\\/a-tarvisio-il-2-memorial-maurizo-siega\\\/\",\"url\":\"https:\\\/\\\/2017.carnico.it\\\/blog\\\/2014\\\/05\\\/27\\\/a-tarvisio-il-2-memorial-maurizo-siega\\\/\",\"name\":\"A TARVISIO IL 2\u00b0 \\\"MEMORIAL MAURIZO SIEGA\\\" - Campionato Carnico 2017\",\"isPartOf\":{\"@id\":\"https:\\\/\\\/2017.carnico.it\\\/blog\\\/#website\"},\"primaryImageOfPage\":{\"@id\":\"https:\\\/\\\/2017.carnico.it\\\/blog\\\/2014\\\/05\\\/27\\\/a-tarvisio-il-2-memorial-maurizo-siega\\\/#primaryimage\"},\"image\":{\"@id\":\"https:\\\/\\\/2017.carnico.it\\\/blog\\\/2014\\\/05\\\/27\\\/a-tarvisio-il-2-memorial-maurizo-siega\\\/#primaryimage\"},\"thumbnailUrl\":\"https:\\\/\\\/www.carnico.it\\\/blog\\\/wp-content\\\/uploads\\\/2012\\\/06\\\/2003-MALBORGHETTO-Siega.jpg\",\"datePublished\":\"2014-05-27T18:09:54+00:00\",\"author\":{\"@id\":\"https:\\\/\\\/2017.carnico.it\\\/blog\\\/#\\\/schema\\\/person\\\/a68c764693d96df3238f123ea014e78c\"},\"breadcrumb\":{\"@id\":\"https:\\\/\\\/2017.carnico.it\\\/blog\\\/2014\\\/05\\\/27\\\/a-tarvisio-il-2-memorial-maurizo-siega\\\/#breadcrumb\"},\"inLanguage\":\"it-IT\",\"potentialAction\":[{\"@type\":\"ReadAction\",\"target\":[\"https:\\\/\\\/2017.carnico.it\\\/blog\\\/2014\\\/05\\\/27\\\/a-tarvisio-il-2-memorial-maurizo-siega\\\/\"]}]},{\"@type\":\"ImageObject\",\"inLanguage\":\"it-IT\",\"@id\":\"https:\\\/\\\/2017.carnico.it\\\/blog\\\/2014\\\/05\\\/27\\\/a-tarvisio-il-2-memorial-maurizo-siega\\\/#primaryimage\",\"url\":\"https:\\\/\\\/www.carnico.it\\\/blog\\\/wp-content\\\/uploads\\\/2012\\\/06\\\/2003-MALBORGHETTO-Siega.jpg\",\"contentUrl\":\"https:\\\/\\\/www.carnico.it\\\/blog\\\/wp-content\\\/uploads\\\/2012\\\/06\\\/2003-MALBORGHETTO-Siega.jpg\"},{\"@type\":\"BreadcrumbList\",\"@id\":\"https:\\\/\\\/2017.carnico.it\\\/blog\\\/2014\\\/05\\\/27\\\/a-tarvisio-il-2-memorial-maurizo-siega\\\/#breadcrumb\",\"itemListElement\":[{\"@type\":\"ListItem\",\"position\":1,\"name\":\"Home\",\"item\":\"https:\\\/\\\/2017.carnico.it\\\/blog\\\/\"},{\"@type\":\"ListItem\",\"position\":2,\"name\":\"A TARVISIO IL 2\u00b0 &#8220;MEMORIAL MAURIZO SIEGA&#8221;\"}]},{\"@type\":\"WebSite\",\"@id\":\"https:\\\/\\\/2017.carnico.it\\\/blog\\\/#website\",\"url\":\"https:\\\/\\\/2017.carnico.it\\\/blog\\\/\",\"name\":\"Campionato Carnico 2017\",\"description\":\"Notizie e aggiornamenti in tempo reale sul campionato Carnico\",\"potentialAction\":[{\"@type\":\"SearchAction\",\"target\":{\"@type\":\"EntryPoint\",\"urlTemplate\":\"https:\\\/\\\/2017.carnico.it\\\/blog\\\/?s={search_term_string}\"},\"query-input\":{\"@type\":\"PropertyValueSpecification\",\"valueRequired\":true,\"valueName\":\"search_term_string\"}}],\"inLanguage\":\"it-IT\"},{\"@type\":\"Person\",\"@id\":\"https:\\\/\\\/2017.carnico.it\\\/blog\\\/#\\\/schema\\\/person\\\/a68c764693d96df3238f123ea014e78c\",\"name\":\"Redazione\",\"image\":{\"@type\":\"ImageObject\",\"inLanguage\":\"it-IT\",\"@id\":\"https:\\\/\\\/secure.gravatar.com\\\/avatar\\\/6c05bd4dddbea475e283f76b4aa2d778ecb35c06fd92df5f6e0cac552163e2ac?s=96&d=mm&r=g\",\"url\":\"https:\\\/\\\/secure.gravatar.com\\\/avatar\\\/6c05bd4dddbea475e283f76b4aa2d778ecb35c06fd92df5f6e0cac552163e2ac?s=96&d=mm&r=g\",\"contentUrl\":\"https:\\\/\\\/secure.gravatar.com\\\/avatar\\\/6c05bd4dddbea475e283f76b4aa2d778ecb35c06fd92df5f6e0cac552163e2ac?s=96&d=mm&r=g\",\"caption\":\"Redazione\"},\"url\":\"https:\\\/\\\/2017.carnico.it\\\/blog\\\/author\\\/clyco-admin\\\/\"}]}<\/script>\n<!-- \/ Yoast SEO plugin. -->","yoast_head_json":{"title":"A TARVISIO IL 2\u00b0 \"MEMORIAL MAURIZO SIEGA\" - Campionato Carnico 2017","robots":{"index":"index","follow":"follow","max-snippet":"max-snippet:-1","max-image-preview":"max-image-preview:large","max-video-preview":"max-video-preview:-1"},"canonical":"https:\/\/2017.carnico.it\/blog\/2014\/05\/27\/a-tarvisio-il-2-memorial-maurizo-siega\/","og_locale":"it_IT","og_type":"article","og_title":"A TARVISIO IL 2\u00b0 \"MEMORIAL MAURIZO SIEGA\" - Campionato Carnico 2017","og_description":"A due anni di distanza dalla sua scomparsa, gli amici di Maurizio Siega vogliono riunirsi per ricordarlo. Lo faranno su un campo di calcio, quello di Tarvisio che porta il suo nome, dove si svolger\u00e0 il 2\u00b0 \u201c Memorial Maurizio Siega\u201d. L\u2019appuntamento \u00e8 fissato per domenica 1 giugno alle ore 11.30. In campo, come si [&hellip;]","og_url":"https:\/\/2017.carnico.it\/blog\/2014\/05\/27\/a-tarvisio-il-2-memorial-maurizo-siega\/","og_site_name":"Campionato Carnico 2017","article_publisher":"https:\/\/www.facebook.com\/campionatocarnico\/","article_published_time":"2014-05-27T18:09:54+00:00","og_image":[{"url":"https:\/\/www.carnico.it\/blog\/wp-content\/uploads\/2012\/06\/2003-MALBORGHETTO-Siega.jpg","type":"","width":"","height":""}],"author":"Redazione","twitter_card":"summary_large_image","twitter_misc":{"Scritto da":"Redazione","Tempo di lettura stimato":"1 minuto"},"schema":{"@context":"https:\/\/schema.org","@graph":[{"@type":"Article","@id":"https:\/\/2017.carnico.it\/blog\/2014\/05\/27\/a-tarvisio-il-2-memorial-maurizo-siega\/#article","isPartOf":{"@id":"https:\/\/2017.carnico.it\/blog\/2014\/05\/27\/a-tarvisio-il-2-memorial-maurizo-siega\/"},"author":{"name":"Redazione","@id":"https:\/\/2017.carnico.it\/blog\/#\/schema\/person\/a68c764693d96df3238f123ea014e78c"},"headline":"A TARVISIO IL 2\u00b0 &#8220;MEMORIAL MAURIZO SIEGA&#8221;","datePublished":"2014-05-27T18:09:54+00:00","mainEntityOfPage":{"@id":"https:\/\/2017.carnico.it\/blog\/2014\/05\/27\/a-tarvisio-il-2-memorial-maurizo-siega\/"},"wordCount":148,"commentCount":1,"image":{"@id":"https:\/\/2017.carnico.it\/blog\/2014\/05\/27\/a-tarvisio-il-2-memorial-maurizo-siega\/#primaryimage"},"thumbnailUrl":"https:\/\/www.carnico.it\/blog\/wp-content\/uploads\/2012\/06\/2003-MALBORGHETTO-Siega.jpg","articleSection":["Carnico","Varie"],"inLanguage":"it-IT","potentialAction":[{"@type":"CommentAction","name":"Comment","target":["https:\/\/2017.carnico.it\/blog\/2014\/05\/27\/a-tarvisio-il-2-memorial-maurizo-siega\/#respond"]}]},{"@type":"WebPage","@id":"https:\/\/2017.carnico.it\/blog\/2014\/05\/27\/a-tarvisio-il-2-memorial-maurizo-siega\/","url":"https:\/\/2017.carnico.it\/blog\/2014\/05\/27\/a-tarvisio-il-2-memorial-maurizo-siega\/","name":"A TARVISIO IL 2\u00b0 \"MEMORIAL MAURIZO SIEGA\" - Campionato Carnico 2017","isPartOf":{"@id":"https:\/\/2017.carnico.it\/blog\/#website"},"primaryImageOfPage":{"@id":"https:\/\/2017.carnico.it\/blog\/2014\/05\/27\/a-tarvisio-il-2-memorial-maurizo-siega\/#primaryimage"},"image":{"@id":"https:\/\/2017.carnico.it\/blog\/2014\/05\/27\/a-tarvisio-il-2-memorial-maurizo-siega\/#primaryimage"},"thumbnailUrl":"https:\/\/www.carnico.it\/blog\/wp-content\/uploads\/2012\/06\/2003-MALBORGHETTO-Siega.jpg","datePublished":"2014-05-27T18:09:54+00:00","author":{"@id":"https:\/\/2017.carnico.it\/blog\/#\/schema\/person\/a68c764693d96df3238f123ea014e78c"},"breadcrumb":{"@id":"https:\/\/2017.carnico.it\/blog\/2014\/05\/27\/a-tarvisio-il-2-memorial-maurizo-siega\/#breadcrumb"},"inLanguage":"it-IT","potentialAction":[{"@type":"ReadAction","target":["https:\/\/2017.carnico.it\/blog\/2014\/05\/27\/a-tarvisio-il-2-memorial-maurizo-siega\/"]}]},{"@type":"ImageObject","inLanguage":"it-IT","@id":"https:\/\/2017.carnico.it\/blog\/2014\/05\/27\/a-tarvisio-il-2-memorial-maurizo-siega\/#primaryimage","url":"https:\/\/www.carnico.it\/blog\/wp-content\/uploads\/2012\/06\/2003-MALBORGHETTO-Siega.jpg","contentUrl":"https:\/\/www.carnico.it\/blog\/wp-content\/uploads\/2012\/06\/2003-MALBORGHETTO-Siega.jpg"},{"@type":"BreadcrumbList","@id":"https:\/\/2017.carnico.it\/blog\/2014\/05\/27\/a-tarvisio-il-2-memorial-maurizo-siega\/#breadcrumb","itemListElement":[{"@type":"ListItem","position":1,"name":"Home","item":"https:\/\/2017.carnico.it\/blog\/"},{"@type":"ListItem","position":2,"name":"A TARVISIO IL 2\u00b0 &#8220;MEMORIAL MAURIZO SIEGA&#8221;"}]},{"@type":"WebSite","@id":"https:\/\/2017.carnico.it\/blog\/#website","url":"https:\/\/2017.carnico.it\/blog\/","name":"Campionato Carnico 2017","description":"Notizie e aggiornamenti in tempo reale sul campionato Carnico","potentialAction":[{"@type":"SearchAction","target":{"@type":"EntryPoint","urlTemplate":"https:\/\/2017.carnico.it\/blog\/?s={search_term_string}"},"query-input":{"@type":"PropertyValueSpecification","valueRequired":true,"valueName":"search_term_string"}}],"inLanguage":"it-IT"},{"@type":"Person","@id":"https:\/\/2017.carnico.it\/blog\/#\/schema\/person\/a68c764693d96df3238f123ea014e78c","name":"Redazione","image":{"@type":"ImageObject","inLanguage":"it-IT","@id":"https:\/\/secure.gravatar.com\/avatar\/6c05bd4dddbea475e283f76b4aa2d778ecb35c06fd92df5f6e0cac552163e2ac?s=96&d=mm&r=g","url":"https:\/\/secure.gravatar.com\/avatar\/6c05bd4dddbea475e283f76b4aa2d778ecb35c06fd92df5f6e0cac552163e2ac?s=96&d=mm&r=g","contentUrl":"https:\/\/secure.gravatar.com\/avatar\/6c05bd4dddbea475e283f76b4aa2d778ecb35c06fd92df5f6e0cac552163e2ac?s=96&d=mm&r=g","caption":"Redazione"},"url":"https:\/\/2017.carnico.it\/blog\/author\/clyco-admin\/"}]}},"_links":{"self":[{"href":"https:\/\/2017.carnico.it\/blog\/wp-json\/wp\/v2\/posts\/10300","targetHints":{"allow":["GET"]}}],"collection":[{"href":"https:\/\/2017.carnico.it\/blog\/wp-json\/wp\/v2\/posts"}],"about":[{"href":"https:\/\/2017.carnico.it\/blog\/wp-json\/wp\/v2\/types\/post"}],"author":[{"embeddable":true,"href":"https:\/\/2017.carnico.it\/blog\/wp-json\/wp\/v2\/users\/10"}],"replies":[{"embeddable":true,"href":"https:\/\/2017.carnico.it\/blog\/wp-json\/wp\/v2\/comments?post=10300"}],"version-history":[{"count":1,"href":"https:\/\/2017.carnico.it\/blog\/wp-json\/wp\/v2\/posts\/10300\/revisions"}],"predecessor-version":[{"id":10301,"href":"https:\/\/2017.carnico.it\/blog\/wp-json\/wp\/v2\/posts\/10300\/revisions\/10301"}],"wp:attachment":[{"href":"https:\/\/2017.carnico.it\/blog\/wp-json\/wp\/v2\/media?parent=10300"}],"wp:term":[{"taxonomy":"category","embeddable":true,"href":"https:\/\/2017.carnico.it\/blog\/wp-json\/wp\/v2\/categories?post=10300"},{"taxonomy":"post_tag","embeddable":true,"href":"https:\/\/2017.carnico.it\/blog\/wp-json\/wp\/v2\/tags?post=10300"}],"curies":[{"name":"wp","href":"https:\/\/api.w.org\/{rel}","templated":true}]}}