{"id":10262,"date":"2014-05-23T18:09:41","date_gmt":"2014-05-23T16:09:41","guid":{"rendered":"http:\/\/www.carnico.it\/blog\/?p=10262"},"modified":"2014-05-23T18:11:06","modified_gmt":"2014-05-23T16:11:06","slug":"a-tolmezzo-il-18-memorial-pillinini","status":"publish","type":"post","link":"https:\/\/2017.carnico.it\/blog\/2014\/05\/23\/a-tolmezzo-il-18-memorial-pillinini\/","title":{"rendered":"A TOLMEZZO IL &#8220;18\u00b0 MEMORIAL PILLININI&#8221;"},"content":{"rendered":"<p><a href=\"https:\/\/www.carnico.it\/blog\/2014\/05\/23\/a-tolmezzo-il-18-memorial-pillinini\/olympus-digital-camera-2\/\" rel=\"attachment wp-att-10264\"><img loading=\"lazy\" decoding=\"async\" class=\"alignleft  wp-image-10264\" src=\"https:\/\/www.carnico.it\/blog\/wp-content\/uploads\/2014\/05\/locandina.Pillinini-174x250.jpg\" alt=\"OLYMPUS DIGITAL CAMERA\" width=\"100\" height=\"144\" srcset=\"https:\/\/2017.carnico.it\/blog\/wp-content\/uploads\/2014\/05\/locandina.Pillinini-174x250.jpg 174w, https:\/\/2017.carnico.it\/blog\/wp-content\/uploads\/2014\/05\/locandina.Pillinini-314x450.jpg 314w, https:\/\/2017.carnico.it\/blog\/wp-content\/uploads\/2014\/05\/locandina.Pillinini-439x630.jpg 439w, https:\/\/2017.carnico.it\/blog\/wp-content\/uploads\/2014\/05\/locandina.Pillinini.jpg 1154w\" sizes=\"auto, (max-width: 100px) 100vw, 100px\" \/><\/a>Il 18\u00b0 \u201cMemorial Loris Pillinini\u201d verr\u00e0 disputato quest\u2019anno marted\u00ec 27 maggio. Oltre al Tolmezzo, che far\u00e0 gli onori di casa, anche per questa edizione la societ\u00e0 del presidente Lomuscio ha invitato squadre partecipanti al Carnico, per rafforzare i legami e aumentare maggiormente i momenti di condivisione. Al \u201cFratelli Ermano\u201d, quindi, saranno di scena il Cedarchis, il Real I.C. ed il Villa. <!--more-->Vediamo il programma della manifestazione, articolata su incontri da 45\u2019:<\/p>\n<p style=\"text-align: center;\"><strong>ORE 19.15<\/strong><\/p>\n<p style=\"text-align: center;\"><strong>CAMPO B<\/strong><\/p>\n<p style=\"text-align: center;\">TOLMEZZO \u2013 VILLA<\/p>\n<p style=\"text-align: center;\"><strong>CAMPO A<\/strong><\/p>\n<p style=\"text-align: center;\">REAL I.C. \u2013 CEDARCHIS<\/p>\n<p>Le vincenti si sfideranno, alle ore 20.30, nel campo A, per il 1\u00b0 e 2\u00b0 posto, mentre la finale per il 3\u00b0 e 4\u00b0 posto verr\u00e0 giocata alle 20,15 sul campo B. Al termine, premiazioni sul campo e momento conviviale.<\/p>\n","protected":false},"excerpt":{"rendered":"<p>Il 18\u00b0 \u201cMemorial Loris Pillinini\u201d verr\u00e0 disputato quest\u2019anno marted\u00ec 27 maggio. Oltre al Tolmezzo, che far\u00e0 gli onori di casa, anche per questa edizione la societ\u00e0 del presidente Lomuscio ha invitato squadre partecipanti al Carnico, per rafforzare i legami e aumentare maggiormente i momenti di condivisione. Al \u201cFratelli Ermano\u201d, quindi, saranno di scena il Cedarchis, [&hellip;]<\/p>\n","protected":false},"author":10,"featured_media":0,"comment_status":"open","ping_status":"closed","sticky":false,"template":"","format":"standard","meta":{"footnotes":""},"categories":[5],"tags":[],"class_list":["post-10262","post","type-post","status-publish","format-standard","hentry","category-varie"],"yoast_head":"<!-- This site is optimized with the Yoast SEO plugin v27.3 - https:\/\/yoast.com\/product\/yoast-seo-wordpress\/ -->\n<title>A TOLMEZZO IL &quot;18\u00b0 MEMORIAL PILLININI&quot; - Campionato Carnico 2017<\/title>\n<meta name=\"robots\" content=\"index, follow, max-snippet:-1, max-image-preview:large, max-video-preview:-1\" \/>\n<link rel=\"canonical\" href=\"https:\/\/2017.carnico.it\/blog\/2014\/05\/23\/a-tolmezzo-il-18-memorial-pillinini\/\" \/>\n<meta property=\"og:locale\" content=\"it_IT\" \/>\n<meta property=\"og:type\" content=\"article\" \/>\n<meta property=\"og:title\" content=\"A TOLMEZZO IL &quot;18\u00b0 MEMORIAL PILLININI&quot; - Campionato Carnico 2017\" \/>\n<meta property=\"og:description\" content=\"Il 18\u00b0 \u201cMemorial Loris Pillinini\u201d verr\u00e0 disputato quest\u2019anno marted\u00ec 27 maggio. Oltre al Tolmezzo, che far\u00e0 gli onori di casa, anche per questa edizione la societ\u00e0 del presidente Lomuscio ha invitato squadre partecipanti al Carnico, per rafforzare i legami e aumentare maggiormente i momenti di condivisione. Al \u201cFratelli Ermano\u201d, quindi, saranno di scena il Cedarchis, [&hellip;]\" \/>\n<meta property=\"og:url\" content=\"https:\/\/2017.carnico.it\/blog\/2014\/05\/23\/a-tolmezzo-il-18-memorial-pillinini\/\" \/>\n<meta property=\"og:site_name\" content=\"Campionato Carnico 2017\" \/>\n<meta property=\"article:publisher\" content=\"https:\/\/www.facebook.com\/campionatocarnico\/\" \/>\n<meta property=\"article:published_time\" content=\"2014-05-23T16:09:41+00:00\" \/>\n<meta property=\"article:modified_time\" content=\"2014-05-23T16:11:06+00:00\" \/>\n<meta property=\"og:image\" content=\"https:\/\/www.carnico.it\/blog\/wp-content\/uploads\/2014\/05\/locandina.Pillinini-174x250.jpg\" \/>\n<meta name=\"author\" content=\"Redazione\" \/>\n<meta name=\"twitter:card\" content=\"summary_large_image\" \/>\n<meta name=\"twitter:label1\" content=\"Scritto da\" \/>\n\t<meta name=\"twitter:data1\" content=\"Redazione\" \/>\n\t<meta name=\"twitter:label2\" content=\"Tempo di lettura stimato\" \/>\n\t<meta name=\"twitter:data2\" content=\"1 minuto\" \/>\n<script type=\"application\/ld+json\" class=\"yoast-schema-graph\">{\"@context\":\"https:\\\/\\\/schema.org\",\"@graph\":[{\"@type\":\"Article\",\"@id\":\"https:\\\/\\\/2017.carnico.it\\\/blog\\\/2014\\\/05\\\/23\\\/a-tolmezzo-il-18-memorial-pillinini\\\/#article\",\"isPartOf\":{\"@id\":\"https:\\\/\\\/2017.carnico.it\\\/blog\\\/2014\\\/05\\\/23\\\/a-tolmezzo-il-18-memorial-pillinini\\\/\"},\"author\":{\"name\":\"Redazione\",\"@id\":\"https:\\\/\\\/2017.carnico.it\\\/blog\\\/#\\\/schema\\\/person\\\/a68c764693d96df3238f123ea014e78c\"},\"headline\":\"A TOLMEZZO IL &#8220;18\u00b0 MEMORIAL PILLININI&#8221;\",\"datePublished\":\"2014-05-23T16:09:41+00:00\",\"dateModified\":\"2014-05-23T16:11:06+00:00\",\"mainEntityOfPage\":{\"@id\":\"https:\\\/\\\/2017.carnico.it\\\/blog\\\/2014\\\/05\\\/23\\\/a-tolmezzo-il-18-memorial-pillinini\\\/\"},\"wordCount\":120,\"commentCount\":0,\"image\":{\"@id\":\"https:\\\/\\\/2017.carnico.it\\\/blog\\\/2014\\\/05\\\/23\\\/a-tolmezzo-il-18-memorial-pillinini\\\/#primaryimage\"},\"thumbnailUrl\":\"https:\\\/\\\/www.carnico.it\\\/blog\\\/wp-content\\\/uploads\\\/2014\\\/05\\\/locandina.Pillinini-174x250.jpg\",\"articleSection\":[\"Varie\"],\"inLanguage\":\"it-IT\",\"potentialAction\":[{\"@type\":\"CommentAction\",\"name\":\"Comment\",\"target\":[\"https:\\\/\\\/2017.carnico.it\\\/blog\\\/2014\\\/05\\\/23\\\/a-tolmezzo-il-18-memorial-pillinini\\\/#respond\"]}]},{\"@type\":\"WebPage\",\"@id\":\"https:\\\/\\\/2017.carnico.it\\\/blog\\\/2014\\\/05\\\/23\\\/a-tolmezzo-il-18-memorial-pillinini\\\/\",\"url\":\"https:\\\/\\\/2017.carnico.it\\\/blog\\\/2014\\\/05\\\/23\\\/a-tolmezzo-il-18-memorial-pillinini\\\/\",\"name\":\"A TOLMEZZO IL \\\"18\u00b0 MEMORIAL PILLININI\\\" - Campionato Carnico 2017\",\"isPartOf\":{\"@id\":\"https:\\\/\\\/2017.carnico.it\\\/blog\\\/#website\"},\"primaryImageOfPage\":{\"@id\":\"https:\\\/\\\/2017.carnico.it\\\/blog\\\/2014\\\/05\\\/23\\\/a-tolmezzo-il-18-memorial-pillinini\\\/#primaryimage\"},\"image\":{\"@id\":\"https:\\\/\\\/2017.carnico.it\\\/blog\\\/2014\\\/05\\\/23\\\/a-tolmezzo-il-18-memorial-pillinini\\\/#primaryimage\"},\"thumbnailUrl\":\"https:\\\/\\\/www.carnico.it\\\/blog\\\/wp-content\\\/uploads\\\/2014\\\/05\\\/locandina.Pillinini-174x250.jpg\",\"datePublished\":\"2014-05-23T16:09:41+00:00\",\"dateModified\":\"2014-05-23T16:11:06+00:00\",\"author\":{\"@id\":\"https:\\\/\\\/2017.carnico.it\\\/blog\\\/#\\\/schema\\\/person\\\/a68c764693d96df3238f123ea014e78c\"},\"breadcrumb\":{\"@id\":\"https:\\\/\\\/2017.carnico.it\\\/blog\\\/2014\\\/05\\\/23\\\/a-tolmezzo-il-18-memorial-pillinini\\\/#breadcrumb\"},\"inLanguage\":\"it-IT\",\"potentialAction\":[{\"@type\":\"ReadAction\",\"target\":[\"https:\\\/\\\/2017.carnico.it\\\/blog\\\/2014\\\/05\\\/23\\\/a-tolmezzo-il-18-memorial-pillinini\\\/\"]}]},{\"@type\":\"ImageObject\",\"inLanguage\":\"it-IT\",\"@id\":\"https:\\\/\\\/2017.carnico.it\\\/blog\\\/2014\\\/05\\\/23\\\/a-tolmezzo-il-18-memorial-pillinini\\\/#primaryimage\",\"url\":\"https:\\\/\\\/www.carnico.it\\\/blog\\\/wp-content\\\/uploads\\\/2014\\\/05\\\/locandina.Pillinini-174x250.jpg\",\"contentUrl\":\"https:\\\/\\\/www.carnico.it\\\/blog\\\/wp-content\\\/uploads\\\/2014\\\/05\\\/locandina.Pillinini-174x250.jpg\"},{\"@type\":\"BreadcrumbList\",\"@id\":\"https:\\\/\\\/2017.carnico.it\\\/blog\\\/2014\\\/05\\\/23\\\/a-tolmezzo-il-18-memorial-pillinini\\\/#breadcrumb\",\"itemListElement\":[{\"@type\":\"ListItem\",\"position\":1,\"name\":\"Home\",\"item\":\"https:\\\/\\\/2017.carnico.it\\\/blog\\\/\"},{\"@type\":\"ListItem\",\"position\":2,\"name\":\"A TOLMEZZO IL &#8220;18\u00b0 MEMORIAL PILLININI&#8221;\"}]},{\"@type\":\"WebSite\",\"@id\":\"https:\\\/\\\/2017.carnico.it\\\/blog\\\/#website\",\"url\":\"https:\\\/\\\/2017.carnico.it\\\/blog\\\/\",\"name\":\"Campionato Carnico 2017\",\"description\":\"Notizie e aggiornamenti in tempo reale sul campionato Carnico\",\"potentialAction\":[{\"@type\":\"SearchAction\",\"target\":{\"@type\":\"EntryPoint\",\"urlTemplate\":\"https:\\\/\\\/2017.carnico.it\\\/blog\\\/?s={search_term_string}\"},\"query-input\":{\"@type\":\"PropertyValueSpecification\",\"valueRequired\":true,\"valueName\":\"search_term_string\"}}],\"inLanguage\":\"it-IT\"},{\"@type\":\"Person\",\"@id\":\"https:\\\/\\\/2017.carnico.it\\\/blog\\\/#\\\/schema\\\/person\\\/a68c764693d96df3238f123ea014e78c\",\"name\":\"Redazione\",\"image\":{\"@type\":\"ImageObject\",\"inLanguage\":\"it-IT\",\"@id\":\"https:\\\/\\\/secure.gravatar.com\\\/avatar\\\/6c05bd4dddbea475e283f76b4aa2d778ecb35c06fd92df5f6e0cac552163e2ac?s=96&d=mm&r=g\",\"url\":\"https:\\\/\\\/secure.gravatar.com\\\/avatar\\\/6c05bd4dddbea475e283f76b4aa2d778ecb35c06fd92df5f6e0cac552163e2ac?s=96&d=mm&r=g\",\"contentUrl\":\"https:\\\/\\\/secure.gravatar.com\\\/avatar\\\/6c05bd4dddbea475e283f76b4aa2d778ecb35c06fd92df5f6e0cac552163e2ac?s=96&d=mm&r=g\",\"caption\":\"Redazione\"},\"url\":\"https:\\\/\\\/2017.carnico.it\\\/blog\\\/author\\\/clyco-admin\\\/\"}]}<\/script>\n<!-- \/ Yoast SEO plugin. -->","yoast_head_json":{"title":"A TOLMEZZO IL \"18\u00b0 MEMORIAL PILLININI\" - Campionato Carnico 2017","robots":{"index":"index","follow":"follow","max-snippet":"max-snippet:-1","max-image-preview":"max-image-preview:large","max-video-preview":"max-video-preview:-1"},"canonical":"https:\/\/2017.carnico.it\/blog\/2014\/05\/23\/a-tolmezzo-il-18-memorial-pillinini\/","og_locale":"it_IT","og_type":"article","og_title":"A TOLMEZZO IL \"18\u00b0 MEMORIAL PILLININI\" - Campionato Carnico 2017","og_description":"Il 18\u00b0 \u201cMemorial Loris Pillinini\u201d verr\u00e0 disputato quest\u2019anno marted\u00ec 27 maggio. Oltre al Tolmezzo, che far\u00e0 gli onori di casa, anche per questa edizione la societ\u00e0 del presidente Lomuscio ha invitato squadre partecipanti al Carnico, per rafforzare i legami e aumentare maggiormente i momenti di condivisione. Al \u201cFratelli Ermano\u201d, quindi, saranno di scena il Cedarchis, [&hellip;]","og_url":"https:\/\/2017.carnico.it\/blog\/2014\/05\/23\/a-tolmezzo-il-18-memorial-pillinini\/","og_site_name":"Campionato Carnico 2017","article_publisher":"https:\/\/www.facebook.com\/campionatocarnico\/","article_published_time":"2014-05-23T16:09:41+00:00","article_modified_time":"2014-05-23T16:11:06+00:00","og_image":[{"url":"https:\/\/www.carnico.it\/blog\/wp-content\/uploads\/2014\/05\/locandina.Pillinini-174x250.jpg","type":"","width":"","height":""}],"author":"Redazione","twitter_card":"summary_large_image","twitter_misc":{"Scritto da":"Redazione","Tempo di lettura stimato":"1 minuto"},"schema":{"@context":"https:\/\/schema.org","@graph":[{"@type":"Article","@id":"https:\/\/2017.carnico.it\/blog\/2014\/05\/23\/a-tolmezzo-il-18-memorial-pillinini\/#article","isPartOf":{"@id":"https:\/\/2017.carnico.it\/blog\/2014\/05\/23\/a-tolmezzo-il-18-memorial-pillinini\/"},"author":{"name":"Redazione","@id":"https:\/\/2017.carnico.it\/blog\/#\/schema\/person\/a68c764693d96df3238f123ea014e78c"},"headline":"A TOLMEZZO IL &#8220;18\u00b0 MEMORIAL PILLININI&#8221;","datePublished":"2014-05-23T16:09:41+00:00","dateModified":"2014-05-23T16:11:06+00:00","mainEntityOfPage":{"@id":"https:\/\/2017.carnico.it\/blog\/2014\/05\/23\/a-tolmezzo-il-18-memorial-pillinini\/"},"wordCount":120,"commentCount":0,"image":{"@id":"https:\/\/2017.carnico.it\/blog\/2014\/05\/23\/a-tolmezzo-il-18-memorial-pillinini\/#primaryimage"},"thumbnailUrl":"https:\/\/www.carnico.it\/blog\/wp-content\/uploads\/2014\/05\/locandina.Pillinini-174x250.jpg","articleSection":["Varie"],"inLanguage":"it-IT","potentialAction":[{"@type":"CommentAction","name":"Comment","target":["https:\/\/2017.carnico.it\/blog\/2014\/05\/23\/a-tolmezzo-il-18-memorial-pillinini\/#respond"]}]},{"@type":"WebPage","@id":"https:\/\/2017.carnico.it\/blog\/2014\/05\/23\/a-tolmezzo-il-18-memorial-pillinini\/","url":"https:\/\/2017.carnico.it\/blog\/2014\/05\/23\/a-tolmezzo-il-18-memorial-pillinini\/","name":"A TOLMEZZO IL \"18\u00b0 MEMORIAL PILLININI\" - Campionato Carnico 2017","isPartOf":{"@id":"https:\/\/2017.carnico.it\/blog\/#website"},"primaryImageOfPage":{"@id":"https:\/\/2017.carnico.it\/blog\/2014\/05\/23\/a-tolmezzo-il-18-memorial-pillinini\/#primaryimage"},"image":{"@id":"https:\/\/2017.carnico.it\/blog\/2014\/05\/23\/a-tolmezzo-il-18-memorial-pillinini\/#primaryimage"},"thumbnailUrl":"https:\/\/www.carnico.it\/blog\/wp-content\/uploads\/2014\/05\/locandina.Pillinini-174x250.jpg","datePublished":"2014-05-23T16:09:41+00:00","dateModified":"2014-05-23T16:11:06+00:00","author":{"@id":"https:\/\/2017.carnico.it\/blog\/#\/schema\/person\/a68c764693d96df3238f123ea014e78c"},"breadcrumb":{"@id":"https:\/\/2017.carnico.it\/blog\/2014\/05\/23\/a-tolmezzo-il-18-memorial-pillinini\/#breadcrumb"},"inLanguage":"it-IT","potentialAction":[{"@type":"ReadAction","target":["https:\/\/2017.carnico.it\/blog\/2014\/05\/23\/a-tolmezzo-il-18-memorial-pillinini\/"]}]},{"@type":"ImageObject","inLanguage":"it-IT","@id":"https:\/\/2017.carnico.it\/blog\/2014\/05\/23\/a-tolmezzo-il-18-memorial-pillinini\/#primaryimage","url":"https:\/\/www.carnico.it\/blog\/wp-content\/uploads\/2014\/05\/locandina.Pillinini-174x250.jpg","contentUrl":"https:\/\/www.carnico.it\/blog\/wp-content\/uploads\/2014\/05\/locandina.Pillinini-174x250.jpg"},{"@type":"BreadcrumbList","@id":"https:\/\/2017.carnico.it\/blog\/2014\/05\/23\/a-tolmezzo-il-18-memorial-pillinini\/#breadcrumb","itemListElement":[{"@type":"ListItem","position":1,"name":"Home","item":"https:\/\/2017.carnico.it\/blog\/"},{"@type":"ListItem","position":2,"name":"A TOLMEZZO IL &#8220;18\u00b0 MEMORIAL PILLININI&#8221;"}]},{"@type":"WebSite","@id":"https:\/\/2017.carnico.it\/blog\/#website","url":"https:\/\/2017.carnico.it\/blog\/","name":"Campionato Carnico 2017","description":"Notizie e aggiornamenti in tempo reale sul campionato Carnico","potentialAction":[{"@type":"SearchAction","target":{"@type":"EntryPoint","urlTemplate":"https:\/\/2017.carnico.it\/blog\/?s={search_term_string}"},"query-input":{"@type":"PropertyValueSpecification","valueRequired":true,"valueName":"search_term_string"}}],"inLanguage":"it-IT"},{"@type":"Person","@id":"https:\/\/2017.carnico.it\/blog\/#\/schema\/person\/a68c764693d96df3238f123ea014e78c","name":"Redazione","image":{"@type":"ImageObject","inLanguage":"it-IT","@id":"https:\/\/secure.gravatar.com\/avatar\/6c05bd4dddbea475e283f76b4aa2d778ecb35c06fd92df5f6e0cac552163e2ac?s=96&d=mm&r=g","url":"https:\/\/secure.gravatar.com\/avatar\/6c05bd4dddbea475e283f76b4aa2d778ecb35c06fd92df5f6e0cac552163e2ac?s=96&d=mm&r=g","contentUrl":"https:\/\/secure.gravatar.com\/avatar\/6c05bd4dddbea475e283f76b4aa2d778ecb35c06fd92df5f6e0cac552163e2ac?s=96&d=mm&r=g","caption":"Redazione"},"url":"https:\/\/2017.carnico.it\/blog\/author\/clyco-admin\/"}]}},"_links":{"self":[{"href":"https:\/\/2017.carnico.it\/blog\/wp-json\/wp\/v2\/posts\/10262","targetHints":{"allow":["GET"]}}],"collection":[{"href":"https:\/\/2017.carnico.it\/blog\/wp-json\/wp\/v2\/posts"}],"about":[{"href":"https:\/\/2017.carnico.it\/blog\/wp-json\/wp\/v2\/types\/post"}],"author":[{"embeddable":true,"href":"https:\/\/2017.carnico.it\/blog\/wp-json\/wp\/v2\/users\/10"}],"replies":[{"embeddable":true,"href":"https:\/\/2017.carnico.it\/blog\/wp-json\/wp\/v2\/comments?post=10262"}],"version-history":[{"count":2,"href":"https:\/\/2017.carnico.it\/blog\/wp-json\/wp\/v2\/posts\/10262\/revisions"}],"predecessor-version":[{"id":10265,"href":"https:\/\/2017.carnico.it\/blog\/wp-json\/wp\/v2\/posts\/10262\/revisions\/10265"}],"wp:attachment":[{"href":"https:\/\/2017.carnico.it\/blog\/wp-json\/wp\/v2\/media?parent=10262"}],"wp:term":[{"taxonomy":"category","embeddable":true,"href":"https:\/\/2017.carnico.it\/blog\/wp-json\/wp\/v2\/categories?post=10262"},{"taxonomy":"post_tag","embeddable":true,"href":"https:\/\/2017.carnico.it\/blog\/wp-json\/wp\/v2\/tags?post=10262"}],"curies":[{"name":"wp","href":"https:\/\/api.w.org\/{rel}","templated":true}]}}