{"id":10116,"date":"2014-05-06T19:30:35","date_gmt":"2014-05-06T17:30:35","guid":{"rendered":"http:\/\/www.carnico.it\/blog\/?p=10116"},"modified":"2014-05-06T19:43:32","modified_gmt":"2014-05-06T17:43:32","slug":"torna-terzo-tempo","status":"publish","type":"post","link":"https:\/\/2017.carnico.it\/blog\/2014\/05\/06\/torna-terzo-tempo\/","title":{"rendered":"TORNA &#8220;TERZO TEMPO&#8221;"},"content":{"rendered":"<div id=\"attachment_6686\" style=\"width: 110px\" class=\"wp-caption alignleft\"><a href=\"https:\/\/www.carnico.it\/blog\/2012\/04\/30\/a-tutto-carnico-i-campi-collegati-3\/simone-fornasiere\/\" rel=\"attachment wp-att-6686\"><img loading=\"lazy\" decoding=\"async\" aria-describedby=\"caption-attachment-6686\" class=\"size-full wp-image-6686\" src=\"https:\/\/www.carnico.it\/blog\/wp-content\/uploads\/2012\/04\/Simone-Fornasiere.jpg\" alt=\"Simone Fornasiere\" width=\"100\" height=\"134\" \/><\/a><p id=\"caption-attachment-6686\" class=\"wp-caption-text\">Simone Fornasiere<\/p><\/div>\n<p>Torna, a partire da mercoled\u00ec 7 maggio, il consueto appuntamento radiofonico con &#8220;Terzo Tempo&#8221; che dopo essere stato condotto da Massimo Radina prima e Diego Di Centa poi vedr\u00e0 quest&#8217;anno in studio la presenza di Simone Fornasiere. Tanti i temi riguardanti il campionato carnico, che verranno affrontati con numerosi ospiti che di volta in volta saranno protagonisti in studio e non.<\/p>\n<p>Appuntamento, quindi su Radio Studio Nord, ogni mercoled\u00ec dalle 18 alle 19 ed in replica la domenica dalle 12 alle 13 (eccezion fatta per questa settimana in cui andr\u00e0 in onda sabato). Per saperne di pi\u00f9 e per interagire con lo staff di Terzo Tempo possibile anche cliccare sulla pagina Facebook della trasmissione. Vi aspettiamo.<\/p>\n","protected":false},"excerpt":{"rendered":"<p>Torna, a partire da mercoled\u00ec 7 maggio, il consueto appuntamento radiofonico con &#8220;Terzo Tempo&#8221; che dopo essere stato condotto da Massimo Radina prima e Diego Di Centa poi vedr\u00e0 quest&#8217;anno in studio la presenza di Simone Fornasiere. Tanti i temi riguardanti il campionato carnico, che verranno affrontati con numerosi ospiti che di volta in volta [&hellip;]<\/p>\n","protected":false},"author":10,"featured_media":0,"comment_status":"open","ping_status":"closed","sticky":false,"template":"","format":"standard","meta":{"footnotes":""},"categories":[3,5],"tags":[],"class_list":["post-10116","post","type-post","status-publish","format-standard","hentry","category-carnico","category-varie"],"yoast_head":"<!-- This site is optimized with the Yoast SEO plugin v27.3 - https:\/\/yoast.com\/product\/yoast-seo-wordpress\/ -->\n<title>TORNA &quot;TERZO TEMPO&quot; - Campionato Carnico 2017<\/title>\n<meta name=\"robots\" content=\"index, follow, max-snippet:-1, max-image-preview:large, max-video-preview:-1\" \/>\n<link rel=\"canonical\" href=\"https:\/\/2017.carnico.it\/blog\/2014\/05\/06\/torna-terzo-tempo\/\" \/>\n<meta property=\"og:locale\" content=\"it_IT\" \/>\n<meta property=\"og:type\" content=\"article\" \/>\n<meta property=\"og:title\" content=\"TORNA &quot;TERZO TEMPO&quot; - Campionato Carnico 2017\" \/>\n<meta property=\"og:description\" content=\"Torna, a partire da mercoled\u00ec 7 maggio, il consueto appuntamento radiofonico con &#8220;Terzo Tempo&#8221; che dopo essere stato condotto da Massimo Radina prima e Diego Di Centa poi vedr\u00e0 quest&#8217;anno in studio la presenza di Simone Fornasiere. Tanti i temi riguardanti il campionato carnico, che verranno affrontati con numerosi ospiti che di volta in volta [&hellip;]\" \/>\n<meta property=\"og:url\" content=\"https:\/\/2017.carnico.it\/blog\/2014\/05\/06\/torna-terzo-tempo\/\" \/>\n<meta property=\"og:site_name\" content=\"Campionato Carnico 2017\" \/>\n<meta property=\"article:publisher\" content=\"https:\/\/www.facebook.com\/campionatocarnico\/\" \/>\n<meta property=\"article:published_time\" content=\"2014-05-06T17:30:35+00:00\" \/>\n<meta property=\"article:modified_time\" content=\"2014-05-06T17:43:32+00:00\" \/>\n<meta property=\"og:image\" content=\"https:\/\/www.carnico.it\/blog\/wp-content\/uploads\/2012\/04\/Simone-Fornasiere.jpg\" \/>\n<meta name=\"author\" content=\"Redazione\" \/>\n<meta name=\"twitter:card\" content=\"summary_large_image\" \/>\n<meta name=\"twitter:label1\" content=\"Scritto da\" \/>\n\t<meta name=\"twitter:data1\" content=\"Redazione\" \/>\n\t<meta name=\"twitter:label2\" content=\"Tempo di lettura stimato\" \/>\n\t<meta name=\"twitter:data2\" content=\"1 minuto\" \/>\n<script type=\"application\/ld+json\" class=\"yoast-schema-graph\">{\"@context\":\"https:\\\/\\\/schema.org\",\"@graph\":[{\"@type\":\"Article\",\"@id\":\"https:\\\/\\\/2017.carnico.it\\\/blog\\\/2014\\\/05\\\/06\\\/torna-terzo-tempo\\\/#article\",\"isPartOf\":{\"@id\":\"https:\\\/\\\/2017.carnico.it\\\/blog\\\/2014\\\/05\\\/06\\\/torna-terzo-tempo\\\/\"},\"author\":{\"name\":\"Redazione\",\"@id\":\"https:\\\/\\\/2017.carnico.it\\\/blog\\\/#\\\/schema\\\/person\\\/a68c764693d96df3238f123ea014e78c\"},\"headline\":\"TORNA &#8220;TERZO TEMPO&#8221;\",\"datePublished\":\"2014-05-06T17:30:35+00:00\",\"dateModified\":\"2014-05-06T17:43:32+00:00\",\"mainEntityOfPage\":{\"@id\":\"https:\\\/\\\/2017.carnico.it\\\/blog\\\/2014\\\/05\\\/06\\\/torna-terzo-tempo\\\/\"},\"wordCount\":124,\"commentCount\":0,\"image\":{\"@id\":\"https:\\\/\\\/2017.carnico.it\\\/blog\\\/2014\\\/05\\\/06\\\/torna-terzo-tempo\\\/#primaryimage\"},\"thumbnailUrl\":\"https:\\\/\\\/www.carnico.it\\\/blog\\\/wp-content\\\/uploads\\\/2012\\\/04\\\/Simone-Fornasiere.jpg\",\"articleSection\":[\"Carnico\",\"Varie\"],\"inLanguage\":\"it-IT\",\"potentialAction\":[{\"@type\":\"CommentAction\",\"name\":\"Comment\",\"target\":[\"https:\\\/\\\/2017.carnico.it\\\/blog\\\/2014\\\/05\\\/06\\\/torna-terzo-tempo\\\/#respond\"]}]},{\"@type\":\"WebPage\",\"@id\":\"https:\\\/\\\/2017.carnico.it\\\/blog\\\/2014\\\/05\\\/06\\\/torna-terzo-tempo\\\/\",\"url\":\"https:\\\/\\\/2017.carnico.it\\\/blog\\\/2014\\\/05\\\/06\\\/torna-terzo-tempo\\\/\",\"name\":\"TORNA \\\"TERZO TEMPO\\\" - Campionato Carnico 2017\",\"isPartOf\":{\"@id\":\"https:\\\/\\\/2017.carnico.it\\\/blog\\\/#website\"},\"primaryImageOfPage\":{\"@id\":\"https:\\\/\\\/2017.carnico.it\\\/blog\\\/2014\\\/05\\\/06\\\/torna-terzo-tempo\\\/#primaryimage\"},\"image\":{\"@id\":\"https:\\\/\\\/2017.carnico.it\\\/blog\\\/2014\\\/05\\\/06\\\/torna-terzo-tempo\\\/#primaryimage\"},\"thumbnailUrl\":\"https:\\\/\\\/www.carnico.it\\\/blog\\\/wp-content\\\/uploads\\\/2012\\\/04\\\/Simone-Fornasiere.jpg\",\"datePublished\":\"2014-05-06T17:30:35+00:00\",\"dateModified\":\"2014-05-06T17:43:32+00:00\",\"author\":{\"@id\":\"https:\\\/\\\/2017.carnico.it\\\/blog\\\/#\\\/schema\\\/person\\\/a68c764693d96df3238f123ea014e78c\"},\"breadcrumb\":{\"@id\":\"https:\\\/\\\/2017.carnico.it\\\/blog\\\/2014\\\/05\\\/06\\\/torna-terzo-tempo\\\/#breadcrumb\"},\"inLanguage\":\"it-IT\",\"potentialAction\":[{\"@type\":\"ReadAction\",\"target\":[\"https:\\\/\\\/2017.carnico.it\\\/blog\\\/2014\\\/05\\\/06\\\/torna-terzo-tempo\\\/\"]}]},{\"@type\":\"ImageObject\",\"inLanguage\":\"it-IT\",\"@id\":\"https:\\\/\\\/2017.carnico.it\\\/blog\\\/2014\\\/05\\\/06\\\/torna-terzo-tempo\\\/#primaryimage\",\"url\":\"https:\\\/\\\/www.carnico.it\\\/blog\\\/wp-content\\\/uploads\\\/2012\\\/04\\\/Simone-Fornasiere.jpg\",\"contentUrl\":\"https:\\\/\\\/www.carnico.it\\\/blog\\\/wp-content\\\/uploads\\\/2012\\\/04\\\/Simone-Fornasiere.jpg\"},{\"@type\":\"BreadcrumbList\",\"@id\":\"https:\\\/\\\/2017.carnico.it\\\/blog\\\/2014\\\/05\\\/06\\\/torna-terzo-tempo\\\/#breadcrumb\",\"itemListElement\":[{\"@type\":\"ListItem\",\"position\":1,\"name\":\"Home\",\"item\":\"https:\\\/\\\/2017.carnico.it\\\/blog\\\/\"},{\"@type\":\"ListItem\",\"position\":2,\"name\":\"TORNA &#8220;TERZO TEMPO&#8221;\"}]},{\"@type\":\"WebSite\",\"@id\":\"https:\\\/\\\/2017.carnico.it\\\/blog\\\/#website\",\"url\":\"https:\\\/\\\/2017.carnico.it\\\/blog\\\/\",\"name\":\"Campionato Carnico 2017\",\"description\":\"Notizie e aggiornamenti in tempo reale sul campionato Carnico\",\"potentialAction\":[{\"@type\":\"SearchAction\",\"target\":{\"@type\":\"EntryPoint\",\"urlTemplate\":\"https:\\\/\\\/2017.carnico.it\\\/blog\\\/?s={search_term_string}\"},\"query-input\":{\"@type\":\"PropertyValueSpecification\",\"valueRequired\":true,\"valueName\":\"search_term_string\"}}],\"inLanguage\":\"it-IT\"},{\"@type\":\"Person\",\"@id\":\"https:\\\/\\\/2017.carnico.it\\\/blog\\\/#\\\/schema\\\/person\\\/a68c764693d96df3238f123ea014e78c\",\"name\":\"Redazione\",\"image\":{\"@type\":\"ImageObject\",\"inLanguage\":\"it-IT\",\"@id\":\"https:\\\/\\\/secure.gravatar.com\\\/avatar\\\/6c05bd4dddbea475e283f76b4aa2d778ecb35c06fd92df5f6e0cac552163e2ac?s=96&d=mm&r=g\",\"url\":\"https:\\\/\\\/secure.gravatar.com\\\/avatar\\\/6c05bd4dddbea475e283f76b4aa2d778ecb35c06fd92df5f6e0cac552163e2ac?s=96&d=mm&r=g\",\"contentUrl\":\"https:\\\/\\\/secure.gravatar.com\\\/avatar\\\/6c05bd4dddbea475e283f76b4aa2d778ecb35c06fd92df5f6e0cac552163e2ac?s=96&d=mm&r=g\",\"caption\":\"Redazione\"},\"url\":\"https:\\\/\\\/2017.carnico.it\\\/blog\\\/author\\\/clyco-admin\\\/\"}]}<\/script>\n<!-- \/ Yoast SEO plugin. -->","yoast_head_json":{"title":"TORNA \"TERZO TEMPO\" - Campionato Carnico 2017","robots":{"index":"index","follow":"follow","max-snippet":"max-snippet:-1","max-image-preview":"max-image-preview:large","max-video-preview":"max-video-preview:-1"},"canonical":"https:\/\/2017.carnico.it\/blog\/2014\/05\/06\/torna-terzo-tempo\/","og_locale":"it_IT","og_type":"article","og_title":"TORNA \"TERZO TEMPO\" - Campionato Carnico 2017","og_description":"Torna, a partire da mercoled\u00ec 7 maggio, il consueto appuntamento radiofonico con &#8220;Terzo Tempo&#8221; che dopo essere stato condotto da Massimo Radina prima e Diego Di Centa poi vedr\u00e0 quest&#8217;anno in studio la presenza di Simone Fornasiere. Tanti i temi riguardanti il campionato carnico, che verranno affrontati con numerosi ospiti che di volta in volta [&hellip;]","og_url":"https:\/\/2017.carnico.it\/blog\/2014\/05\/06\/torna-terzo-tempo\/","og_site_name":"Campionato Carnico 2017","article_publisher":"https:\/\/www.facebook.com\/campionatocarnico\/","article_published_time":"2014-05-06T17:30:35+00:00","article_modified_time":"2014-05-06T17:43:32+00:00","og_image":[{"url":"https:\/\/www.carnico.it\/blog\/wp-content\/uploads\/2012\/04\/Simone-Fornasiere.jpg","type":"","width":"","height":""}],"author":"Redazione","twitter_card":"summary_large_image","twitter_misc":{"Scritto da":"Redazione","Tempo di lettura stimato":"1 minuto"},"schema":{"@context":"https:\/\/schema.org","@graph":[{"@type":"Article","@id":"https:\/\/2017.carnico.it\/blog\/2014\/05\/06\/torna-terzo-tempo\/#article","isPartOf":{"@id":"https:\/\/2017.carnico.it\/blog\/2014\/05\/06\/torna-terzo-tempo\/"},"author":{"name":"Redazione","@id":"https:\/\/2017.carnico.it\/blog\/#\/schema\/person\/a68c764693d96df3238f123ea014e78c"},"headline":"TORNA &#8220;TERZO TEMPO&#8221;","datePublished":"2014-05-06T17:30:35+00:00","dateModified":"2014-05-06T17:43:32+00:00","mainEntityOfPage":{"@id":"https:\/\/2017.carnico.it\/blog\/2014\/05\/06\/torna-terzo-tempo\/"},"wordCount":124,"commentCount":0,"image":{"@id":"https:\/\/2017.carnico.it\/blog\/2014\/05\/06\/torna-terzo-tempo\/#primaryimage"},"thumbnailUrl":"https:\/\/www.carnico.it\/blog\/wp-content\/uploads\/2012\/04\/Simone-Fornasiere.jpg","articleSection":["Carnico","Varie"],"inLanguage":"it-IT","potentialAction":[{"@type":"CommentAction","name":"Comment","target":["https:\/\/2017.carnico.it\/blog\/2014\/05\/06\/torna-terzo-tempo\/#respond"]}]},{"@type":"WebPage","@id":"https:\/\/2017.carnico.it\/blog\/2014\/05\/06\/torna-terzo-tempo\/","url":"https:\/\/2017.carnico.it\/blog\/2014\/05\/06\/torna-terzo-tempo\/","name":"TORNA \"TERZO TEMPO\" - Campionato Carnico 2017","isPartOf":{"@id":"https:\/\/2017.carnico.it\/blog\/#website"},"primaryImageOfPage":{"@id":"https:\/\/2017.carnico.it\/blog\/2014\/05\/06\/torna-terzo-tempo\/#primaryimage"},"image":{"@id":"https:\/\/2017.carnico.it\/blog\/2014\/05\/06\/torna-terzo-tempo\/#primaryimage"},"thumbnailUrl":"https:\/\/www.carnico.it\/blog\/wp-content\/uploads\/2012\/04\/Simone-Fornasiere.jpg","datePublished":"2014-05-06T17:30:35+00:00","dateModified":"2014-05-06T17:43:32+00:00","author":{"@id":"https:\/\/2017.carnico.it\/blog\/#\/schema\/person\/a68c764693d96df3238f123ea014e78c"},"breadcrumb":{"@id":"https:\/\/2017.carnico.it\/blog\/2014\/05\/06\/torna-terzo-tempo\/#breadcrumb"},"inLanguage":"it-IT","potentialAction":[{"@type":"ReadAction","target":["https:\/\/2017.carnico.it\/blog\/2014\/05\/06\/torna-terzo-tempo\/"]}]},{"@type":"ImageObject","inLanguage":"it-IT","@id":"https:\/\/2017.carnico.it\/blog\/2014\/05\/06\/torna-terzo-tempo\/#primaryimage","url":"https:\/\/www.carnico.it\/blog\/wp-content\/uploads\/2012\/04\/Simone-Fornasiere.jpg","contentUrl":"https:\/\/www.carnico.it\/blog\/wp-content\/uploads\/2012\/04\/Simone-Fornasiere.jpg"},{"@type":"BreadcrumbList","@id":"https:\/\/2017.carnico.it\/blog\/2014\/05\/06\/torna-terzo-tempo\/#breadcrumb","itemListElement":[{"@type":"ListItem","position":1,"name":"Home","item":"https:\/\/2017.carnico.it\/blog\/"},{"@type":"ListItem","position":2,"name":"TORNA &#8220;TERZO TEMPO&#8221;"}]},{"@type":"WebSite","@id":"https:\/\/2017.carnico.it\/blog\/#website","url":"https:\/\/2017.carnico.it\/blog\/","name":"Campionato Carnico 2017","description":"Notizie e aggiornamenti in tempo reale sul campionato Carnico","potentialAction":[{"@type":"SearchAction","target":{"@type":"EntryPoint","urlTemplate":"https:\/\/2017.carnico.it\/blog\/?s={search_term_string}"},"query-input":{"@type":"PropertyValueSpecification","valueRequired":true,"valueName":"search_term_string"}}],"inLanguage":"it-IT"},{"@type":"Person","@id":"https:\/\/2017.carnico.it\/blog\/#\/schema\/person\/a68c764693d96df3238f123ea014e78c","name":"Redazione","image":{"@type":"ImageObject","inLanguage":"it-IT","@id":"https:\/\/secure.gravatar.com\/avatar\/6c05bd4dddbea475e283f76b4aa2d778ecb35c06fd92df5f6e0cac552163e2ac?s=96&d=mm&r=g","url":"https:\/\/secure.gravatar.com\/avatar\/6c05bd4dddbea475e283f76b4aa2d778ecb35c06fd92df5f6e0cac552163e2ac?s=96&d=mm&r=g","contentUrl":"https:\/\/secure.gravatar.com\/avatar\/6c05bd4dddbea475e283f76b4aa2d778ecb35c06fd92df5f6e0cac552163e2ac?s=96&d=mm&r=g","caption":"Redazione"},"url":"https:\/\/2017.carnico.it\/blog\/author\/clyco-admin\/"}]}},"_links":{"self":[{"href":"https:\/\/2017.carnico.it\/blog\/wp-json\/wp\/v2\/posts\/10116","targetHints":{"allow":["GET"]}}],"collection":[{"href":"https:\/\/2017.carnico.it\/blog\/wp-json\/wp\/v2\/posts"}],"about":[{"href":"https:\/\/2017.carnico.it\/blog\/wp-json\/wp\/v2\/types\/post"}],"author":[{"embeddable":true,"href":"https:\/\/2017.carnico.it\/blog\/wp-json\/wp\/v2\/users\/10"}],"replies":[{"embeddable":true,"href":"https:\/\/2017.carnico.it\/blog\/wp-json\/wp\/v2\/comments?post=10116"}],"version-history":[{"count":2,"href":"https:\/\/2017.carnico.it\/blog\/wp-json\/wp\/v2\/posts\/10116\/revisions"}],"predecessor-version":[{"id":10118,"href":"https:\/\/2017.carnico.it\/blog\/wp-json\/wp\/v2\/posts\/10116\/revisions\/10118"}],"wp:attachment":[{"href":"https:\/\/2017.carnico.it\/blog\/wp-json\/wp\/v2\/media?parent=10116"}],"wp:term":[{"taxonomy":"category","embeddable":true,"href":"https:\/\/2017.carnico.it\/blog\/wp-json\/wp\/v2\/categories?post=10116"},{"taxonomy":"post_tag","embeddable":true,"href":"https:\/\/2017.carnico.it\/blog\/wp-json\/wp\/v2\/tags?post=10116"}],"curies":[{"name":"wp","href":"https:\/\/api.w.org\/{rel}","templated":true}]}}